{"id":38497,"date":"2026-05-02T09:09:41","date_gmt":"2026-05-02T09:09:41","guid":{"rendered":"https:\/\/acronoticias.com\/index.php\/2026\/05\/02\/presidenta-mexico-reacciona-ante-eu\/"},"modified":"2026-05-02T09:09:41","modified_gmt":"2026-05-02T09:09:41","slug":"presidenta-mexico-reacciona-ante-eu","status":"publish","type":"post","link":"https:\/\/acronoticias.com\/index.php\/2026\/05\/02\/presidenta-mexico-reacciona-ante-eu\/","title":{"rendered":"Presidenta M\u00e9xico reacciona ante EU"},"content":{"rendered":"<div>\n<div class=\"c-detail__author full\">\n<div>\n<div class=\"c-detail__author__thumb\">\n<figure>\n                                <picture src=\"https:\/\/imagenes.hoy.com.do\/files\/image_square_xs\/uploads\/2025\/11\/18\/691c7d2b0f1b1.png\" data-size=\"w:40,h:40\">\n                                    <img decoding=\"async\" loading=\"lazy\" alt=\"Agencia AP\" width=\"40\" height=\"40\" src=\"https:\/\/imagenes.hoy.com.do\/files\/image_square_xs\/uploads\/2025\/11\/18\/691c7d2b0f1b1.png\"\/>\n                                <\/picture>\n                                <\/figure>\n<\/div>\n<\/div>\n<\/div>\n<p>                                                                                            <!-- --><\/p>\n<p class=\"paragraph\">CULIAC\u00c1N, M\u00e9xico. AP<\/p>\n<p class=\"paragraph\">La presidenta mexicana<b> Claudia Sheinbaum<\/b> reaccion\u00f3 ayer con firmeza a la acusaci\u00f3n por narcotr\u00e1fico de EEUU contra el gobernador oficialista del estado de Sinaloa y afirm\u00f3 que dejar\u00e1 en manos de la Fiscal\u00eda General la decisi\u00f3n sobre c\u00f3mo proceder en el controversial caso que ha tensado las relaciones con Washington.<\/p>\n<p class=\"paragraph\">Sheinbaum indic\u00f3 que si la Fiscal\u00eda General recibe \u201cpruebas contundentes e irrefutables\u201d o si en su investigaci\u00f3n encuentra elementos constitutivos de un delito \u201cdeber\u00e1 proceder conforme a derecho bajo nuestra jurisdicci\u00f3n\u201d para tramitar la detenci\u00f3n y extradici\u00f3n del gobernador y de otros nueve funcionarios mexicanos.<\/p>\n<div class=\"c-detail__box \">\n<article class=\"c-detail__sumario \">\n<figure class=\"c-detail__sumario__thumb\" style=\"display: block;\">\n            <a href=\"#\" title=\"\">\n                <picture data-size=\"w:140,h:140\" loading=\"lazy\" src=\"https:\/\/imagenes.hoy.com.do\/files\/related_image\/uploads\/2026\/04\/29\/69f2cdc7b819f.png\" data-full-src=\"https:\/\/imagenes.hoy.com.do\/uploads\/2026\/04\/29\/69f2cdc7b819f.png\">\n                    <img loading=\"lazy\" decoding=\"async\" width=\"140\" height=\"140\" alt=\"Rub\u00e9n Rocha Moya.  AP\" src=\"https:\/\/imagenes.hoy.com.do\/uploads\/2026\/04\/29\/69f2cdc7b819f.png\"\/>\n                <\/picture>\n            <\/a><br \/>\n        <\/figure>\n<\/article>\n<\/div>\n<p class=\"paragraph\">Pero seguidamente advirti\u00f3 que \u201csi no existen pruebas claras es evidente que el objetivo de estas imputaciones por parte del Departamento de Justicia es pol\u00edtico\u201d.\u00a0<\/p>\n<\/p><\/div>\n","protected":false},"excerpt":{"rendered":"<p>CULIAC\u00c1N, M\u00e9xico. AP La presidenta mexicana Claudia Sheinbaum reaccion\u00f3 ayer con firmeza a la acusaci\u00f3n por narcotr\u00e1fico de EEUU contra el gobernador oficialista del estado de Sinaloa y afirm\u00f3 que dejar\u00e1 en manos de la Fiscal\u00eda General la decisi\u00f3n sobre c\u00f3mo proceder en el controversial caso que ha tensado las relaciones con Washington. Sheinbaum indic\u00f3<\/p>\n","protected":false},"author":1,"featured_media":38498,"comment_status":"open","ping_status":"open","sticky":false,"template":"","format":"standard","meta":{"footnotes":""},"categories":[3],"tags":[],"class_list":["post-38497","post","type-post","status-publish","format-standard","has-post-thumbnail","hentry","category-internacionales"],"_links":{"self":[{"href":"https:\/\/acronoticias.com\/index.php\/wp-json\/wp\/v2\/posts\/38497","targetHints":{"allow":["GET"]}}],"collection":[{"href":"https:\/\/acronoticias.com\/index.php\/wp-json\/wp\/v2\/posts"}],"about":[{"href":"https:\/\/acronoticias.com\/index.php\/wp-json\/wp\/v2\/types\/post"}],"author":[{"embeddable":true,"href":"https:\/\/acronoticias.com\/index.php\/wp-json\/wp\/v2\/users\/1"}],"replies":[{"embeddable":true,"href":"https:\/\/acronoticias.com\/index.php\/wp-json\/wp\/v2\/comments?post=38497"}],"version-history":[{"count":0,"href":"https:\/\/acronoticias.com\/index.php\/wp-json\/wp\/v2\/posts\/38497\/revisions"}],"wp:featuredmedia":[{"embeddable":true,"href":"https:\/\/acronoticias.com\/index.php\/wp-json\/wp\/v2\/media\/38498"}],"wp:attachment":[{"href":"https:\/\/acronoticias.com\/index.php\/wp-json\/wp\/v2\/media?parent=38497"}],"wp:term":[{"taxonomy":"category","embeddable":true,"href":"https:\/\/acronoticias.com\/index.php\/wp-json\/wp\/v2\/categories?post=38497"},{"taxonomy":"post_tag","embeddable":true,"href":"https:\/\/acronoticias.com\/index.php\/wp-json\/wp\/v2\/tags?post=38497"}],"curies":[{"name":"wp","href":"https:\/\/api.w.org\/{rel}","templated":true}]}}