{"id":38495,"date":"2026-05-02T08:08:21","date_gmt":"2026-05-02T08:08:21","guid":{"rendered":"https:\/\/acronoticias.com\/index.php\/2026\/05\/02\/espaillat-rechaza-medida-supremo\/"},"modified":"2026-05-02T08:08:21","modified_gmt":"2026-05-02T08:08:21","slug":"espaillat-rechaza-medida-supremo","status":"publish","type":"post","link":"https:\/\/acronoticias.com\/index.php\/2026\/05\/02\/espaillat-rechaza-medida-supremo\/","title":{"rendered":"Espaillat rechaza medida Supremo"},"content":{"rendered":"<div>\n<div class=\"c-detail__author full\">\n<div>\n<div class=\"c-detail__author__thumb\">\n<figure>\n                                <picture src=\"https:\/\/imagenes.hoy.com.do\/files\/image_square_xs\/uploads\/2025\/11\/18\/691c7d5bed035.jpeg\" data-size=\"w:40,h:40\">\n                                    <img decoding=\"async\" loading=\"lazy\" alt=\"EFE EFE\" width=\"40\" height=\"40\" src=\"https:\/\/imagenes.hoy.com.do\/files\/image_square_xs\/uploads\/2025\/11\/18\/691c7d5bed035.jpeg\"\/>\n                                <\/picture>\n                                <\/figure>\n<\/div>\n<\/div>\n<\/div>\n<p>                                                                                            <!-- --><\/p>\n<p class=\"paragraph\">Nueva York. EFE.<\/p>\n<p class=\"paragraph\">El presidente del Caucus Hispano del Congreso, Adriano Espaillat, calific\u00f3 de <b>\u201cataque al coraz\u00f3n de la democracia\u201d<\/b> la decisi\u00f3n del Tribunal Supremo de EE.UU. que limita el redise\u00f1o de mapas electorales por motivos raciales en el pa\u00eds, que, seg\u00fan afirm\u00f3, afecta el derecho al voto y facilita la marginaci\u00f3n de comunidades negras y latinas.<\/p>\n<p class=\"paragraph\">Para Espaillat, el fallo del alto tribunal en el caso Louisiana v. Callais debilita protecciones fundamentales. \u201cLa decisi\u00f3n ataca el coraz\u00f3n de nuestra democracia. Es el paso m\u00e1s reciente en un esfuerzo de varias d\u00e9cadas por borrar el progreso que culmin\u00f3 en la Ley de Derecho al Voto\u201d, asegur\u00f3.  \u201cEs un doloroso recordatorio del poder ejercido por quienes est\u00e1n dispuestos a eludir la voluntad del pueblo y actuar fuera del proceso pol\u00edtico para reescribir leyes aprobadas por el Congreso\u201d, se\u00f1al\u00f3 Espaillat.   El Supremo emiti\u00f3 el mi\u00e9rcoles un fallo que limita el redise\u00f1o de mapas electorales por motivos raciales en todo el pa\u00eds.<\/p>\n<div class=\"c-detail__box \">\n<article class=\"c-detail__sumario \">\n<figure class=\"c-detail__sumario__thumb\" style=\"display: block;\">\n            <a href=\"#\" title=\"\">\n                <picture data-size=\"w:140,h:140\" loading=\"lazy\" src=\"https:\/\/imagenes.hoy.com.do\/files\/related_image\/uploads\/2026\/04\/30\/69f3724b9ef0c.jpeg\" data-full-src=\"https:\/\/imagenes.hoy.com.do\/uploads\/2026\/04\/30\/69f3724b9ef0c.jpeg\">\n                    <img loading=\"lazy\" decoding=\"async\" width=\"140\" height=\"140\" alt=\"Espaillat\" src=\"https:\/\/imagenes.hoy.com.do\/uploads\/2026\/04\/30\/69f3724b9ef0c.jpeg\"\/>\n                <\/picture>\n            <\/a><br \/>\n        <\/figure>\n<\/article>\n<\/div><\/div>\n","protected":false},"excerpt":{"rendered":"<p>Nueva York. EFE. El presidente del Caucus Hispano del Congreso, Adriano Espaillat, calific\u00f3 de \u201cataque al coraz\u00f3n de la democracia\u201d la decisi\u00f3n del Tribunal Supremo de EE.UU. que limita el redise\u00f1o de mapas electorales por motivos raciales en el pa\u00eds, que, seg\u00fan afirm\u00f3, afecta el derecho al voto y facilita la marginaci\u00f3n de comunidades negras<\/p>\n","protected":false},"author":1,"featured_media":38496,"comment_status":"open","ping_status":"open","sticky":false,"template":"","format":"standard","meta":{"footnotes":""},"categories":[3],"tags":[],"class_list":["post-38495","post","type-post","status-publish","format-standard","has-post-thumbnail","hentry","category-internacionales"],"_links":{"self":[{"href":"https:\/\/acronoticias.com\/index.php\/wp-json\/wp\/v2\/posts\/38495","targetHints":{"allow":["GET"]}}],"collection":[{"href":"https:\/\/acronoticias.com\/index.php\/wp-json\/wp\/v2\/posts"}],"about":[{"href":"https:\/\/acronoticias.com\/index.php\/wp-json\/wp\/v2\/types\/post"}],"author":[{"embeddable":true,"href":"https:\/\/acronoticias.com\/index.php\/wp-json\/wp\/v2\/users\/1"}],"replies":[{"embeddable":true,"href":"https:\/\/acronoticias.com\/index.php\/wp-json\/wp\/v2\/comments?post=38495"}],"version-history":[{"count":0,"href":"https:\/\/acronoticias.com\/index.php\/wp-json\/wp\/v2\/posts\/38495\/revisions"}],"wp:featuredmedia":[{"embeddable":true,"href":"https:\/\/acronoticias.com\/index.php\/wp-json\/wp\/v2\/media\/38496"}],"wp:attachment":[{"href":"https:\/\/acronoticias.com\/index.php\/wp-json\/wp\/v2\/media?parent=38495"}],"wp:term":[{"taxonomy":"category","embeddable":true,"href":"https:\/\/acronoticias.com\/index.php\/wp-json\/wp\/v2\/categories?post=38495"},{"taxonomy":"post_tag","embeddable":true,"href":"https:\/\/acronoticias.com\/index.php\/wp-json\/wp\/v2\/tags?post=38495"}],"curies":[{"name":"wp","href":"https:\/\/api.w.org\/{rel}","templated":true}]}}