{"id":38493,"date":"2026-05-02T07:06:34","date_gmt":"2026-05-02T07:06:34","guid":{"rendered":"https:\/\/acronoticias.com\/index.php\/2026\/05\/02\/jair-bolsonaro-condenado-a-27-anos-es-operado-en-brasilia\/"},"modified":"2026-05-02T07:06:34","modified_gmt":"2026-05-02T07:06:34","slug":"jair-bolsonaro-condenado-a-27-anos-es-operado-en-brasilia","status":"publish","type":"post","link":"https:\/\/acronoticias.com\/index.php\/2026\/05\/02\/jair-bolsonaro-condenado-a-27-anos-es-operado-en-brasilia\/","title":{"rendered":"Jair Bolsonaro, condenado a 27 a\u00f1os, es operado en Brasilia"},"content":{"rendered":"<div>\n<div class=\"c-detail__author full\">\n<div>\n<div class=\"c-detail__author__thumb\">\n<figure>\n                                <picture src=\"https:\/\/imagenes.hoy.com.do\/files\/image_square_xs\/uploads\/2025\/11\/07\/690dd0632c2cb.jpeg\" data-size=\"w:40,h:40\">\n                                    <img decoding=\"async\" loading=\"lazy\" alt=\"Lency Alc\u00e1ntara\" width=\"40\" height=\"40\" src=\"https:\/\/imagenes.hoy.com.do\/files\/image_square_xs\/uploads\/2025\/11\/07\/690dd0632c2cb.jpeg\"\/>\n                                <\/picture>\n                                <\/figure>\n<\/div>\n<\/div>\n<\/div>\n<p>                                                                                            <!-- --><\/p>\n<p class=\"paragraph\">El expresidente brasile\u00f1o Jair Bolsonaro, condenado a 27 a\u00f1os por intento de golpe de Estado, fue internado este viernes en un hospital de Bras\u00edlia para someterse a una cirug\u00eda en el hombro derecho, seg\u00fan informaron fuentes familiares.<\/p>\n<p class=\"paragraph\">&#8220;Ya estamos camino al hospital&#8221;, afirm\u00f3 la esposa del la exmandatario, Michelle Bolsonaro, en un mensaje divulgado en las redes sociales.<\/p>\n<p class=\"paragraph\">Bolsonaro dej\u00f3 el condominio donde cumple prisi\u00f3n domiciliaria en las primeras horas de la ma\u00f1ana y lleg\u00f3 al hospital acompa\u00f1ado de la exprimera dama.<\/p>\n<div class=\"c-detail__box \">\n<article class=\"c-detail__sumario \">\n<figure class=\"c-detail__sumario__thumb\" style=\"display: block;\">\n            <a href=\"#\" title=\"\">\n                <picture data-size=\"w:140,h:140\" loading=\"lazy\" src=\"https:\/\/imagenes.hoy.com.do\/files\/related_image\/uploads\/2026\/03\/24\/69c32e136672d.webp\" data-full-src=\"https:\/\/imagenes.hoy.com.do\/uploads\/2026\/03\/24\/69c32e136672d.webp\">\n                    <img loading=\"lazy\" decoding=\"async\" width=\"140\" height=\"140\" alt=\"El exmandatario ha estado hospitalizado desde el 13 de marzo por neumon\u00eda, uno de varios problemas de salud que ha enfrentado desde que un hombre lo apu\u00f1al\u00f3 en 2018, antes de ser elegido presidente.\" src=\"https:\/\/imagenes.hoy.com.do\/uploads\/2026\/03\/24\/69c32e136672d.webp\"\/>\n                <\/picture>\n            <\/a><br \/>\n        <\/figure>\n<\/article>\n<\/div>\n<p class=\"paragraph\">El procedimiento fue autorizado la v\u00edspera por el magistrado del Supremo Tribunal Federal, Alexandre de Moraes, tras el aval que la semana pasada dio al procedimiento la Fiscal\u00eda General, seg\u00fan fuentes divulgadas por medios locales.<\/p>\n<p class=\"paragraph\">La intervenci\u00f3n quir\u00fargica se centrar\u00e1 en la reparaci\u00f3n del manguito rotador y lesiones asociadas en el hombro derecho, derivadas de una ca\u00edda sufrida en enero, cuando el l\u00edder ultraderechista se encontraba recluido en las instalaciones de la Superintendencia de la Polic\u00eda Federal en Brasilia.<\/p>\n<p class=\"paragraph\">De acuerdo con la justificaci\u00f3n presentada a la Justicia por los abogados del expresidente, los ex\u00e1menes indicaron &#8220;una lesi\u00f3n de alto grado del tend\u00f3n&#8221; responsable de elevar el brazo y un da\u00f1o parcial en otro tend\u00f3n que ayuda a estabilizar el movimiento del hombro, a lo que se suma que el tend\u00f3n del b\u00edceps se sali\u00f3 un poco de su sitio.<\/p>\n<p class=\"paragraph\">Bolsonaro, de 71 a\u00f1os, cumple desde finales de noviembre pasado una condena de 27 a\u00f1os y tres meses de c\u00e1rcel por &#8220;liderar&#8221; una trama golpista para &#8220;perpetuarse en el poder&#8221; tras perder las elecciones de 2022 ante el actual mandatario, el progresista Luiz In\u00e1cio Lula da Silva.<\/p>\n<p class=\"paragraph\">El exjefe de Estado (2019-2022) estuvo recluido primero en una sala especial de la Superintendencia de la Polic\u00eda Federal en Brasilia, luego pas\u00f3 a un complejo penitenciario de la capital brasile\u00f1a y, desde el pasado 27 de marzo, cumple prisi\u00f3n domiciliaria por un plazo de 90 d\u00edas dado su delicado estado de salud.<\/p>\n<p class=\"paragraph\">Concluido ese periodo, el juez instructor del proceso, De Moraes, evaluar\u00e1 si Bolsonaro contin\u00faa bajo arresto domiciliario o vuelve a la c\u00e1rcel.<\/p>\n<p class=\"paragraph\">El cambio temporal de r\u00e9gimen fue autorizado por el Supremo y avalado por la Fiscal\u00eda luego de la \u00faltima hospitalizaci\u00f3n de Bolsonaro ocurrida por un cuadro grave de neumon\u00eda bilateral bacteriana que fue ocasionado por un episodio de broncoaspiraci\u00f3n.<\/p>\n<p class=\"paragraph\">El l\u00edder ultraderechista viene sufriendo diversos problemas m\u00e9dicos que \u00e9l y su entorno achacan a la pu\u00f1alada que sufri\u00f3 en el abdomen en la campa\u00f1a electoral de 2018 y que le ha obligado a pasar varias veces por el quir\u00f3fan<\/p>\n<\/p><\/div>\n","protected":false},"excerpt":{"rendered":"<p>El expresidente brasile\u00f1o Jair Bolsonaro, condenado a 27 a\u00f1os por intento de golpe de Estado, fue internado este viernes en un hospital de Bras\u00edlia para someterse a una cirug\u00eda en el hombro derecho, seg\u00fan informaron fuentes familiares. &#8220;Ya estamos camino al hospital&#8221;, afirm\u00f3 la esposa del la exmandatario, Michelle Bolsonaro, en un mensaje divulgado en<\/p>\n","protected":false},"author":1,"featured_media":38494,"comment_status":"open","ping_status":"open","sticky":false,"template":"","format":"standard","meta":{"footnotes":""},"categories":[3],"tags":[],"class_list":["post-38493","post","type-post","status-publish","format-standard","has-post-thumbnail","hentry","category-internacionales"],"_links":{"self":[{"href":"https:\/\/acronoticias.com\/index.php\/wp-json\/wp\/v2\/posts\/38493","targetHints":{"allow":["GET"]}}],"collection":[{"href":"https:\/\/acronoticias.com\/index.php\/wp-json\/wp\/v2\/posts"}],"about":[{"href":"https:\/\/acronoticias.com\/index.php\/wp-json\/wp\/v2\/types\/post"}],"author":[{"embeddable":true,"href":"https:\/\/acronoticias.com\/index.php\/wp-json\/wp\/v2\/users\/1"}],"replies":[{"embeddable":true,"href":"https:\/\/acronoticias.com\/index.php\/wp-json\/wp\/v2\/comments?post=38493"}],"version-history":[{"count":0,"href":"https:\/\/acronoticias.com\/index.php\/wp-json\/wp\/v2\/posts\/38493\/revisions"}],"wp:featuredmedia":[{"embeddable":true,"href":"https:\/\/acronoticias.com\/index.php\/wp-json\/wp\/v2\/media\/38494"}],"wp:attachment":[{"href":"https:\/\/acronoticias.com\/index.php\/wp-json\/wp\/v2\/media?parent=38493"}],"wp:term":[{"taxonomy":"category","embeddable":true,"href":"https:\/\/acronoticias.com\/index.php\/wp-json\/wp\/v2\/categories?post=38493"},{"taxonomy":"post_tag","embeddable":true,"href":"https:\/\/acronoticias.com\/index.php\/wp-json\/wp\/v2\/tags?post=38493"}],"curies":[{"name":"wp","href":"https:\/\/api.w.org\/{rel}","templated":true}]}}