{"id":38478,"date":"2026-05-02T02:59:36","date_gmt":"2026-05-02T02:59:36","guid":{"rendered":"https:\/\/acronoticias.com\/index.php\/2026\/05\/02\/asi-celebro-el-mundo-el-dia-del-trabajador-2026\/"},"modified":"2026-05-02T02:59:36","modified_gmt":"2026-05-02T02:59:36","slug":"asi-celebro-el-mundo-el-dia-del-trabajador-2026","status":"publish","type":"post","link":"https:\/\/acronoticias.com\/index.php\/2026\/05\/02\/asi-celebro-el-mundo-el-dia-del-trabajador-2026\/","title":{"rendered":"As\u00ed celebr\u00f3 el mundo el D\u00eda del Trabajador 2026"},"content":{"rendered":"<div>\n<div class=\"c-detail__author full\">\n<div>\n<div class=\"c-detail__author__thumb\">\n<figure>\n                                <picture src=\"https:\/\/imagenes.hoy.com.do\/files\/image_square_xs\/uploads\/2025\/11\/10\/6911b3b5d935b.png\" data-size=\"w:40,h:40\">\n                                    <img decoding=\"async\" loading=\"lazy\" alt=\"Hoy .\" width=\"40\" height=\"40\" src=\"https:\/\/imagenes.hoy.com.do\/files\/image_square_xs\/uploads\/2025\/11\/10\/6911b3b5d935b.png\"\/>\n                                <\/picture>\n                                <\/figure>\n<\/div>\n<\/div>\n<\/div>\n<p>                                                                                            <!-- --><\/p>\n<p class=\"paragraph\">El 1 de mayo de 2026, millones de personas en distintos pa\u00edses conmemoraron el D\u00eda Internacional del Trabajador, una fecha que recuerda las luchas obreras del siglo XIX y que hoy sigue siendo s\u00edmbolo de reivindicaci\u00f3n, protesta y celebraci\u00f3n.<\/p>\n<p class=\"paragraph\"><b>Protestas y movilizaciones<\/b><\/p>\n<p class=\"paragraph\">En Europa, ciudades como Par\u00eds, Lyon y Estambul fueron escenario de marchas multitudinarias contra la inflaci\u00f3n y el alto costo de vida. En algunos puntos se registraron enfrentamientos con la polic\u00eda, reflejo de la tensi\u00f3n social que atraviesa la regi\u00f3n.<\/p>\n<div class=\"c-detail__box \">\n<article class=\"c-detail__sumario \">\n<figure class=\"c-detail__sumario__thumb\" style=\"display: block;\">\n            <a href=\"#\" title=\"\">\n                <picture data-size=\"w:140,h:140\" loading=\"lazy\" src=\"https:\/\/imagenes.hoy.com.do\/files\/related_image\/uploads\/2026\/04\/21\/69e83907d1803.jpeg\" data-full-src=\"https:\/\/imagenes.hoy.com.do\/uploads\/2026\/04\/21\/69e83907d1803.jpeg\">\n                    <img loading=\"lazy\" decoding=\"async\" width=\"140\" height=\"140\" alt=\"El presidente Luis Abinader est\u00e1 atento a las obras.\" src=\"https:\/\/imagenes.hoy.com.do\/uploads\/2026\/04\/21\/69e83907d1803.jpeg\"\/>\n                <\/picture>\n            <\/a><br \/>\n        <\/figure>\n<\/article>\n<\/div>\n<p class=\"paragraph\">En Asia, sindicatos y organizaciones sociales se manifestaron en Filipinas, Corea del Sur y Pakist\u00e1n. En Manila, se quem\u00f3 una efigie del presidente estadounidense Donald Trump como protesta contra las pol\u00edticas econ\u00f3micas globales.<\/p>\n<p class=\"paragraph\">En Estados Unidos, el movimiento May Day Strong convoc\u00f3 huelgas y protestas bajo el lema \u201cWorkers Over Billionaires\u201d, reclamando equidad econ\u00f3mica y justicia para los trabajadores migrantes.<\/p>\n<p class=\"paragraph\">En Am\u00e9rica Latina, pa\u00edses como Brasil, Argentina y M\u00e9xico vivieron marchas sindicales en defensa de los derechos laborales y contra la precarizaci\u00f3n del empleo.<\/p>\n<p class=\"paragraph\"><b>Gestos culturales y simb\u00f3licos<\/b><\/p>\n<p class=\"paragraph\">La jornada tambi\u00e9n tuvo un car\u00e1cter festivo y cultural. En ciudades como Madrid, Nueva York y Chicago, las plazas se llenaron de actividades art\u00edsticas y homenajes a la memoria obrera.<\/p>\n<p class=\"paragraph\">Incluso el mundo digital se sum\u00f3: Google dedic\u00f3 un doodle especial a los trabajadores, ilustrando m\u00e9dicos, plomeros, repartidores, soldadores y jardineros en su logo, como reconocimiento a quienes sostienen la vida cotidiana.<\/p>\n<p class=\"paragraph\">Origen y vigencia<\/p>\n<p class=\"paragraph\">El D\u00eda del Trabajador tiene sus ra\u00edces en la huelga de Chicago de 1886, que exig\u00eda la jornada laboral de ocho horas y deriv\u00f3 en el hist\u00f3rico Mot\u00edn de Haymarket. Aunque en Estados Unidos se celebra oficialmente el Labor Day en septiembre, el 1 de mayo sigue siendo una fecha de movilizaci\u00f3n para sindicatos y comunidades migrantes.<\/p>\n<\/p><\/div>\n","protected":false},"excerpt":{"rendered":"<p>El 1 de mayo de 2026, millones de personas en distintos pa\u00edses conmemoraron el D\u00eda Internacional del Trabajador, una fecha que recuerda las luchas obreras del siglo XIX y que hoy sigue siendo s\u00edmbolo de reivindicaci\u00f3n, protesta y celebraci\u00f3n. Protestas y movilizaciones En Europa, ciudades como Par\u00eds, Lyon y Estambul fueron escenario de marchas multitudinarias<\/p>\n","protected":false},"author":1,"featured_media":38479,"comment_status":"open","ping_status":"open","sticky":false,"template":"","format":"standard","meta":{"footnotes":""},"categories":[3],"tags":[],"class_list":["post-38478","post","type-post","status-publish","format-standard","has-post-thumbnail","hentry","category-internacionales"],"_links":{"self":[{"href":"https:\/\/acronoticias.com\/index.php\/wp-json\/wp\/v2\/posts\/38478","targetHints":{"allow":["GET"]}}],"collection":[{"href":"https:\/\/acronoticias.com\/index.php\/wp-json\/wp\/v2\/posts"}],"about":[{"href":"https:\/\/acronoticias.com\/index.php\/wp-json\/wp\/v2\/types\/post"}],"author":[{"embeddable":true,"href":"https:\/\/acronoticias.com\/index.php\/wp-json\/wp\/v2\/users\/1"}],"replies":[{"embeddable":true,"href":"https:\/\/acronoticias.com\/index.php\/wp-json\/wp\/v2\/comments?post=38478"}],"version-history":[{"count":0,"href":"https:\/\/acronoticias.com\/index.php\/wp-json\/wp\/v2\/posts\/38478\/revisions"}],"wp:featuredmedia":[{"embeddable":true,"href":"https:\/\/acronoticias.com\/index.php\/wp-json\/wp\/v2\/media\/38479"}],"wp:attachment":[{"href":"https:\/\/acronoticias.com\/index.php\/wp-json\/wp\/v2\/media?parent=38478"}],"wp:term":[{"taxonomy":"category","embeddable":true,"href":"https:\/\/acronoticias.com\/index.php\/wp-json\/wp\/v2\/categories?post=38478"},{"taxonomy":"post_tag","embeddable":true,"href":"https:\/\/acronoticias.com\/index.php\/wp-json\/wp\/v2\/tags?post=38478"}],"curies":[{"name":"wp","href":"https:\/\/api.w.org\/{rel}","templated":true}]}}