{"id":38470,"date":"2026-05-02T01:24:54","date_gmt":"2026-05-02T01:24:54","guid":{"rendered":"https:\/\/acronoticias.com\/index.php\/2026\/05\/02\/cmd-denuncia-uso-indebido-de-imagen-de-medico\/"},"modified":"2026-05-02T01:24:54","modified_gmt":"2026-05-02T01:24:54","slug":"cmd-denuncia-uso-indebido-de-imagen-de-medico","status":"publish","type":"post","link":"https:\/\/acronoticias.com\/index.php\/2026\/05\/02\/cmd-denuncia-uso-indebido-de-imagen-de-medico\/","title":{"rendered":"CMD denuncia uso indebido de imagen de m\u00e9dico"},"content":{"rendered":"<div id=\"nota-texto\">\n<p>El <em>Colegio M\u00e9dico Dominicano (CMD)<\/em> denunci\u00f3 este viernes que el doctor J<strong>os\u00e9 Natanael V\u00e1squez Bello<\/strong> ha sido err\u00f3neamente vinculado en reportes de prensa con el denominado caso <em>Senasa <\/em>y un reciente apresamiento, situaci\u00f3n que calific\u00f3 como una <em>\u201cgrave equivocaci\u00f3n\u201d<\/em> por parte de varios medios de comunicaci\u00f3n.<\/p>\n<ul class=\"wp-block-list\">\n<li>En un comunicado, el gremio explic\u00f3 que algunos medios nacionales utilizaron la fotograf\u00eda del galeno para ilustrar informaciones relacionadas con el imputado <strong>Luis Guzm\u00e1n V\u00e1squez<\/strong>, generando confusi\u00f3n en la opini\u00f3n p\u00fablica y afectando la reputaci\u00f3n profesional del m\u00e9dico.<\/li>\n<\/ul>\n<p>El <em>CMD <\/em>subray\u00f3 que, en cumplimiento de su rol de defensa de la integridad moral y profesional de sus miembros, hace de conocimiento p\u00fablico que el doctor <strong>V\u00e1squez Bello<\/strong> no guarda relaci\u00f3n con los hechos se\u00f1alados en dichas publicaciones.<\/p>\n<blockquote class=\"wp-block-quote is-layout-flow wp-block-quote-is-layout-flow\">\n<p>Asimismo, la entidad inst\u00f3 a los medios involucrados a atender la denuncia y proceder con las rectificaciones correspondientes, a fin de resarcir los da\u00f1os ocasionados tanto a la imagen del profesional como al ejercicio <strong>\u00e9tico <\/strong>de la <strong>medicina <\/strong>en el pa\u00eds.<\/p>\n<\/blockquote>\n<p>El <strong>gremio <\/strong>reiter\u00f3 su llamado a la responsabilidad en el manejo de informaciones sensibles, especialmente cuando estas pueden comprometer la honra de terceros ajenos a los hechos reportados.<\/p>\n<\/div>\n","protected":false},"excerpt":{"rendered":"<p>El Colegio M\u00e9dico Dominicano (CMD) denunci\u00f3 este viernes que el doctor Jos\u00e9 Natanael V\u00e1squez Bello ha sido err\u00f3neamente vinculado en reportes de prensa con el denominado caso Senasa y un reciente apresamiento, situaci\u00f3n que calific\u00f3 como una \u201cgrave equivocaci\u00f3n\u201d por parte de varios medios de comunicaci\u00f3n. En un comunicado, el gremio explic\u00f3 que algunos medios<\/p>\n","protected":false},"author":1,"featured_media":38471,"comment_status":"open","ping_status":"open","sticky":false,"template":"","format":"standard","meta":{"footnotes":""},"categories":[1],"tags":[],"class_list":["post-38470","post","type-post","status-publish","format-standard","has-post-thumbnail","hentry","category-nacionales"],"_links":{"self":[{"href":"https:\/\/acronoticias.com\/index.php\/wp-json\/wp\/v2\/posts\/38470","targetHints":{"allow":["GET"]}}],"collection":[{"href":"https:\/\/acronoticias.com\/index.php\/wp-json\/wp\/v2\/posts"}],"about":[{"href":"https:\/\/acronoticias.com\/index.php\/wp-json\/wp\/v2\/types\/post"}],"author":[{"embeddable":true,"href":"https:\/\/acronoticias.com\/index.php\/wp-json\/wp\/v2\/users\/1"}],"replies":[{"embeddable":true,"href":"https:\/\/acronoticias.com\/index.php\/wp-json\/wp\/v2\/comments?post=38470"}],"version-history":[{"count":0,"href":"https:\/\/acronoticias.com\/index.php\/wp-json\/wp\/v2\/posts\/38470\/revisions"}],"wp:featuredmedia":[{"embeddable":true,"href":"https:\/\/acronoticias.com\/index.php\/wp-json\/wp\/v2\/media\/38471"}],"wp:attachment":[{"href":"https:\/\/acronoticias.com\/index.php\/wp-json\/wp\/v2\/media?parent=38470"}],"wp:term":[{"taxonomy":"category","embeddable":true,"href":"https:\/\/acronoticias.com\/index.php\/wp-json\/wp\/v2\/categories?post=38470"},{"taxonomy":"post_tag","embeddable":true,"href":"https:\/\/acronoticias.com\/index.php\/wp-json\/wp\/v2\/tags?post=38470"}],"curies":[{"name":"wp","href":"https:\/\/api.w.org\/{rel}","templated":true}]}}