{"id":38468,"date":"2026-05-02T01:07:22","date_gmt":"2026-05-02T01:07:22","guid":{"rendered":"https:\/\/acronoticias.com\/index.php\/2026\/05\/02\/juez-concluye-audiencia-preliminar-caso-jet-set-y-se-reserva-fallo-para-el-15-de-junio\/"},"modified":"2026-05-02T01:07:22","modified_gmt":"2026-05-02T01:07:22","slug":"juez-concluye-audiencia-preliminar-caso-jet-set-y-se-reserva-fallo-para-el-15-de-junio","status":"publish","type":"post","link":"https:\/\/acronoticias.com\/index.php\/2026\/05\/02\/juez-concluye-audiencia-preliminar-caso-jet-set-y-se-reserva-fallo-para-el-15-de-junio\/","title":{"rendered":"Juez concluye audiencia preliminar caso Jet Set y se reserva fallo para el 15 de junio"},"content":{"rendered":"<div data-td-block-uid=\"tdi_100\">\n<div class=\"tdb-block-inner td-fix-index\">\n<p>Santo Domingo.- El juez del Primer Juzgado de la Instrucci\u00f3n del Distrito Nacional, Reymundo Antonio Mej\u00eda Zorrilla, concluy\u00f3 este viernes la audiencia preliminar del caso que se le sigue a los hermanos Antonio y Maribel Espaillat y se reserv\u00f3 el fallo para el 15 de junio pr\u00f3ximo.<\/p>\n<p>El desplome del techo del centro de diversi\u00f3n, la madrugada del 8 de abril de 2025, caus\u00f3 236 muertes y decenas de heridos.<\/p>\n<p>Mej\u00eda Zorilla termin\u00f3 de escuchar las r\u00e9plicas y conclusiones de cada una de las partes, y de las declaraciones de v\u00edctimas y familiares de estas.<\/p>\n<p>Los imputados manifestaron a trav\u00e9s de sus abogados que no se oponen a que el caso sea enviado a juicio de fondo.<\/p>\n<p>Un resumen presentado por el tribunal se\u00f1ala que la primera audiencia inici\u00f3 el 12 de enero de este a\u00f1o 2026, seguida de las realizadas los d\u00edas 16 de marzo, 6, 20, 27 de abril, y 1 de mayo.<\/p>\n<p>La audiencia preliminar es un procedimiento judicial previo al juicio oral, donde el juez de instrucci\u00f3n eval\u00faa si existen pruebas suficientes (causa probable) para llevar a un acusado a juicio. Su funci\u00f3n principal es filtrar casos, evitando juicios innecesarios, y depurar las pruebas que se utilizar\u00e1n. No determina culpabilidad, solo si el proceso debe continuar.<\/p>\n<p>Escuchadas las partes y valoradas las pruebas el juez determinar\u00e1 si existen razones suficientes para enviar a juicio de fondo o emitir auto de no ha lugar.<\/p>\n<\/div>\n<\/div>\n","protected":false},"excerpt":{"rendered":"<p>Santo Domingo.- El juez del Primer Juzgado de la Instrucci\u00f3n del Distrito Nacional, Reymundo Antonio Mej\u00eda Zorrilla, concluy\u00f3 este viernes la audiencia preliminar del caso que se le sigue a los hermanos Antonio y Maribel Espaillat y se reserv\u00f3 el fallo para el 15 de junio pr\u00f3ximo. El desplome del techo del centro de diversi\u00f3n,<\/p>\n","protected":false},"author":1,"featured_media":38469,"comment_status":"open","ping_status":"open","sticky":false,"template":"","format":"standard","meta":{"footnotes":""},"categories":[1],"tags":[],"class_list":["post-38468","post","type-post","status-publish","format-standard","has-post-thumbnail","hentry","category-nacionales"],"_links":{"self":[{"href":"https:\/\/acronoticias.com\/index.php\/wp-json\/wp\/v2\/posts\/38468","targetHints":{"allow":["GET"]}}],"collection":[{"href":"https:\/\/acronoticias.com\/index.php\/wp-json\/wp\/v2\/posts"}],"about":[{"href":"https:\/\/acronoticias.com\/index.php\/wp-json\/wp\/v2\/types\/post"}],"author":[{"embeddable":true,"href":"https:\/\/acronoticias.com\/index.php\/wp-json\/wp\/v2\/users\/1"}],"replies":[{"embeddable":true,"href":"https:\/\/acronoticias.com\/index.php\/wp-json\/wp\/v2\/comments?post=38468"}],"version-history":[{"count":0,"href":"https:\/\/acronoticias.com\/index.php\/wp-json\/wp\/v2\/posts\/38468\/revisions"}],"wp:featuredmedia":[{"embeddable":true,"href":"https:\/\/acronoticias.com\/index.php\/wp-json\/wp\/v2\/media\/38469"}],"wp:attachment":[{"href":"https:\/\/acronoticias.com\/index.php\/wp-json\/wp\/v2\/media?parent=38468"}],"wp:term":[{"taxonomy":"category","embeddable":true,"href":"https:\/\/acronoticias.com\/index.php\/wp-json\/wp\/v2\/categories?post=38468"},{"taxonomy":"post_tag","embeddable":true,"href":"https:\/\/acronoticias.com\/index.php\/wp-json\/wp\/v2\/tags?post=38468"}],"curies":[{"name":"wp","href":"https:\/\/api.w.org\/{rel}","templated":true}]}}