{"id":38420,"date":"2026-05-01T20:53:56","date_gmt":"2026-05-01T20:53:56","guid":{"rendered":"https:\/\/acronoticias.com\/index.php\/2026\/05\/01\/la-ue-desmiente-a-trump-y-se-prepara-ante-nuevos-aranceles\/"},"modified":"2026-05-01T20:53:56","modified_gmt":"2026-05-01T20:53:56","slug":"la-ue-desmiente-a-trump-y-se-prepara-ante-nuevos-aranceles","status":"publish","type":"post","link":"https:\/\/acronoticias.com\/index.php\/2026\/05\/01\/la-ue-desmiente-a-trump-y-se-prepara-ante-nuevos-aranceles\/","title":{"rendered":"La UE desmiente a Trump y se prepara ante nuevos aranceles"},"content":{"rendered":"<div id=\"nota-texto\">\n<p><strong>Bruselas.-<\/strong> La <strong>Comisi\u00f3n Europea<\/strong> desminti\u00f3 este viernes las acusaciones del presidente de Estados Unidos, <strong>Donald Trump<\/strong>, sobre el supuesto incumplimiento del <strong>acuerdo comercial<\/strong> con Washington.<\/p>\n<p>Adem\u00e1s, advirti\u00f3 que mantiene abiertas distintas <strong>opciones<\/strong> para proteger sus intereses frente a nuevas <strong>medidas arancelarias<\/strong> impulsadas por la administraci\u00f3n estadounidense.<\/p>\n<p>\u00abLa UE est\u00e1 implementando sus compromisos conforme a la <strong>Declaraci\u00f3n Conjunta<\/strong>, siguiendo la pr\u00e1ctica legislativa est\u00e1ndar\u00bb, se\u00f1al\u00f3 un portavoz del Ejecutivo comunitario.<\/p>\n<h3 class=\"wp-block-heading\">Respuesta de la Uni\u00f3n Europea<\/h3>\n<h3 class=\"wp-block-heading\">Tensiones comerciales con Estados Unidos<\/h3>\n<p>El portavoz a\u00f1adi\u00f3 que existe un <strong>contacto estrecho<\/strong> con las autoridades estadounidenses mientras se busca mayor <strong>claridad<\/strong> sobre sus compromisos.<\/p>\n<p>Estas declaraciones se producen tras la amenaza de Trump de elevar al <strong>25 %<\/strong> los aranceles a coches y camiones europeos a partir del lunes.<\/p>\n<ul class=\"wp-block-list\">\n<li>\u00abSeguimos comprometidos con una relaci\u00f3n <strong>transatl\u00e1ntica<\/strong> estable y beneficiosa\u00bb, afirm\u00f3 la fuente comunitaria.<\/li>\n<\/ul>\n<p>Tambi\u00e9n advirti\u00f3 que, si Estados Unidos adopta medidas incompatibles, la UE defender\u00e1 sus <strong>intereses<\/strong> con todas las herramientas disponibles.<\/p>\n<p>Bruselas reaccion\u00f3 despu\u00e9s de que Trump afirmara en <strong>Truth Social<\/strong> que la Uni\u00f3n Europea no est\u00e1 cumpliendo el acuerdo comercial pactado.<\/p>\n<p>El mandatario anunci\u00f3 que aplicar\u00e1 la nueva <strong>medida arancelaria<\/strong> en los pr\u00f3ximos d\u00edas como respuesta.<\/p>\n<p>Trump insisti\u00f3 en que los veh\u00edculos fabricados en Estados Unidos no estar\u00e1n sujetos a <strong>aranceles<\/strong>, incentivando la producci\u00f3n local.<\/p>\n<p>No est\u00e1 claro bajo qu\u00e9 <strong>autoridad legal<\/strong> se impondr\u00e1n estas medidas, tras el fallo del <strong>Tribunal Supremo<\/strong> que invalid\u00f3 parte de los aranceles anteriores.<\/p>\n<p>Este rev\u00e9s llev\u00f3 a la imposici\u00f3n de un arancel global temporal del <strong>10 %<\/strong>, bajo un nuevo marco legal pendiente de aprobaci\u00f3n del Congreso.<\/p>\n<p>A mediados de 2025, ambas partes alcanzaron un <strong>acuerdo<\/strong> que fijaba un arancel del 15 % para productos europeos, con condiciones favorables para EE.UU.<\/p>\n<p>Sin embargo, el Parlamento Europeo paraliz\u00f3 inicialmente la aprobaci\u00f3n en medio de tensiones pol\u00edticas relacionadas con <strong>Groenlandia<\/strong>.<\/p>\n<p>Posteriormente, la Euroc\u00e1mara retom\u00f3 el pacto e introdujo <strong>salvaguardas<\/strong> que permiten suspenderlo ante nuevas presiones comerciales.<\/p>\n<p>Tambi\u00e9n incluy\u00f3 una cl\u00e1usula que condiciona su entrada en vigor al cumplimiento total de los <strong>compromisos<\/strong> establecidos.<\/p>\n<p>Esta decisi\u00f3n permiti\u00f3 a Bruselas avanzar en la implementaci\u00f3n del acuerdo, aunque su <strong>ratificaci\u00f3n<\/strong> final a\u00fan requiere negociaci\u00f3n con los Estados miembros.<\/p>\n<figure class=\"wp-block-image size-full\"><img fetchpriority=\"high\" decoding=\"async\" width=\"1200\" height=\"675\" src=\"https:\/\/multimedia.noticiassin.com\/wp-content\/uploads\/2026\/05\/borrador-automatico-20260501-200652-RukX.png\" alt=\"\" class=\"wp-image-1989997 lazy\" srcset=\"https:\/\/multimedia.noticiassin.com\/wp-content\/uploads\/2026\/05\/borrador-automatico-20260501-200652-RukX.png 1200w, https:\/\/multimedia.noticiassin.com\/wp-content\/uploads\/2026\/05\/borrador-automatico-20260501-200652-RukX-768x432.png 768w, https:\/\/multimedia.noticiassin.com\/wp-content\/uploads\/2026\/05\/borrador-automatico-20260501-200652-RukX-288x162.png 288w, https:\/\/multimedia.noticiassin.com\/wp-content\/uploads\/2026\/05\/borrador-automatico-20260501-200652-RukX-588x330.png 588w, https:\/\/multimedia.noticiassin.com\/wp-content\/uploads\/2026\/05\/borrador-automatico-20260501-200652-RukX-608x342.png 608w, https:\/\/multimedia.noticiassin.com\/wp-content\/uploads\/2026\/05\/borrador-automatico-20260501-200652-RukX-742x418.png 742w, https:\/\/multimedia.noticiassin.com\/wp-content\/uploads\/2026\/05\/borrador-automatico-20260501-200652-RukX-150x85.png 150w\" data-sizes=\"(max-width: 1200px) 100vw, 1200px\"\/><\/figure>\n<\/div>\n","protected":false},"excerpt":{"rendered":"<p>Bruselas.- La Comisi\u00f3n Europea desminti\u00f3 este viernes las acusaciones del presidente de Estados Unidos, Donald Trump, sobre el supuesto incumplimiento del acuerdo comercial con Washington. Adem\u00e1s, advirti\u00f3 que mantiene abiertas distintas opciones para proteger sus intereses frente a nuevas medidas arancelarias impulsadas por la administraci\u00f3n estadounidense. \u00abLa UE est\u00e1 implementando sus compromisos conforme a la<\/p>\n","protected":false},"author":1,"featured_media":38421,"comment_status":"open","ping_status":"open","sticky":false,"template":"","format":"standard","meta":{"footnotes":""},"categories":[3],"tags":[],"class_list":["post-38420","post","type-post","status-publish","format-standard","has-post-thumbnail","hentry","category-internacionales"],"_links":{"self":[{"href":"https:\/\/acronoticias.com\/index.php\/wp-json\/wp\/v2\/posts\/38420","targetHints":{"allow":["GET"]}}],"collection":[{"href":"https:\/\/acronoticias.com\/index.php\/wp-json\/wp\/v2\/posts"}],"about":[{"href":"https:\/\/acronoticias.com\/index.php\/wp-json\/wp\/v2\/types\/post"}],"author":[{"embeddable":true,"href":"https:\/\/acronoticias.com\/index.php\/wp-json\/wp\/v2\/users\/1"}],"replies":[{"embeddable":true,"href":"https:\/\/acronoticias.com\/index.php\/wp-json\/wp\/v2\/comments?post=38420"}],"version-history":[{"count":0,"href":"https:\/\/acronoticias.com\/index.php\/wp-json\/wp\/v2\/posts\/38420\/revisions"}],"wp:featuredmedia":[{"embeddable":true,"href":"https:\/\/acronoticias.com\/index.php\/wp-json\/wp\/v2\/media\/38421"}],"wp:attachment":[{"href":"https:\/\/acronoticias.com\/index.php\/wp-json\/wp\/v2\/media?parent=38420"}],"wp:term":[{"taxonomy":"category","embeddable":true,"href":"https:\/\/acronoticias.com\/index.php\/wp-json\/wp\/v2\/categories?post=38420"},{"taxonomy":"post_tag","embeddable":true,"href":"https:\/\/acronoticias.com\/index.php\/wp-json\/wp\/v2\/tags?post=38420"}],"curies":[{"name":"wp","href":"https:\/\/api.w.org\/{rel}","templated":true}]}}