{"id":38414,"date":"2026-05-01T20:15:13","date_gmt":"2026-05-01T20:15:13","guid":{"rendered":"https:\/\/acronoticias.com\/index.php\/2026\/05\/01\/cumbre-ue-celac-sobre-drogas-en-republica-dominicana-punta\/"},"modified":"2026-05-01T20:15:13","modified_gmt":"2026-05-01T20:15:13","slug":"cumbre-ue-celac-sobre-drogas-en-republica-dominicana-punta","status":"publish","type":"post","link":"https:\/\/acronoticias.com\/index.php\/2026\/05\/01\/cumbre-ue-celac-sobre-drogas-en-republica-dominicana-punta\/","title":{"rendered":"Cumbre UE\u2013CELAC sobre drogas en Rep\u00fablica Dominicana, Punta"},"content":{"rendered":"<div id=\"nota-texto\">\n<p><em><strong>Santo Domingo<\/strong>.<\/em>\u2013 Representantes de <strong>Europa<\/strong>, <strong>Am\u00e9rica Latina<\/strong> y el <strong>Caribe<\/strong> participaron en <strong>Punta Cana<\/strong> en la XXVI Reuni\u00f3n de Alto Nivel del Mecanismo de Coordinaci\u00f3n y Cooperaci\u00f3n entre la <strong>Uni\u00f3n Europea<\/strong> (<strong>UE<\/strong>) y la <strong>Comunidad de Estados Latinoamericanos y Caribe\u00f1os<\/strong> (<strong>CELAC<\/strong>) en materia de drogas.<\/p>\n<ul class=\"wp-block-list\">\n<li>El encuentro, conocido como Reuni\u00f3n de Alto Nivel <strong>UE-CELAC<\/strong> sobre drogas (RAN), funcion\u00f3 como el principal espacio de di\u00e1logo pol\u00edtico entre ambas regiones para abordar los desaf\u00edos del narcotr\u00e1fico y el consumo, as\u00ed como para definir prioridades y fortalecer la cooperaci\u00f3n internacional.<\/li>\n<\/ul>\n<p>En paralelo, se celebr\u00f3 la reuni\u00f3n anual de <strong>COPOLAD III<\/strong>, programa de cooperaci\u00f3n birregional enfocado en pol\u00edticas p\u00fablicas sobre drogas.<\/p>\n<figure class=\"wp-block-image size-full is-resized\"><img fetchpriority=\"high\" decoding=\"async\" width=\"1280\" height=\"854\" src=\"https:\/\/multimedia.noticiassin.com\/wp-content\/uploads\/2026\/05\/borrador-automatico-20260501-201132-CRBl.jpeg\" alt=\"\" class=\"wp-image-1990002 lazy\" style=\"width:491px;height:auto\" srcset=\"https:\/\/multimedia.noticiassin.com\/wp-content\/uploads\/2026\/05\/borrador-automatico-20260501-201132-CRBl.jpeg 1280w, https:\/\/multimedia.noticiassin.com\/wp-content\/uploads\/2026\/05\/borrador-automatico-20260501-201132-CRBl-768x512.jpeg 768w, https:\/\/multimedia.noticiassin.com\/wp-content\/uploads\/2026\/05\/borrador-automatico-20260501-201132-CRBl-1200x801.jpeg 1200w\" data-sizes=\"(max-width: 1280px) 100vw, 1280px\"\/><\/figure>\n<h3 class=\"wp-block-heading\">Cooperaci\u00f3n UE-CELAC<\/h3>\n<p>La actividad reuni\u00f3 a ministros, viceministros y representantes de <strong>organismos internacionales<\/strong>, quienes discutieron estrategias conjuntas basadas en evidencia, con enfoques de salud p\u00fablica, derechos humanos y seguridad ciudadana.<\/p>\n<p>La sesi\u00f3n inaugural estuvo encabezada por la ministra de Interior y Polic\u00eda, <strong>Faride Raful<\/strong>, en su rol de copresidenta por <strong>CELAC<\/strong>, junto al representante europeo <strong>Christos Mina<\/strong> y <strong>Myriam Ferr\u00e1n<\/strong>, de la <strong>Comisi\u00f3n Europea<\/strong>.<\/p>\n<p>Tambi\u00e9n participaron el presidente de la <strong>Direcci\u00f3n Nacional de Control de Drogas<\/strong> (<strong>DNCD<\/strong>), <strong>Jos\u00e9 Manuel Cabrera Ulloa<\/strong>; la procuradora general <strong>Yeni Berenice Reynoso G\u00f3mez<\/strong>; y el director de la <strong>Polic\u00eda Nacional<\/strong>, <strong>Andr\u00e9s Modesto Cruz Cruz<\/strong>.<\/p>\n<p>Durante su intervenci\u00f3n, <strong>Raful<\/strong> destac\u00f3 que la reuni\u00f3n permiti\u00f3 intercambiar experiencias en la implementaci\u00f3n de la Declaraci\u00f3n de <strong>La Paz<\/strong> y reflexionar sobre el fortalecimiento del mecanismo. \u201cEsta reuni\u00f3n nos permitir\u00e1 intercambiar experiencias de \u00e9xito concretas (\u2026) con miras a hacerlo m\u00e1s eficaz, din\u00e1mico y orientado a resultados\u201d, afirm\u00f3.<\/p>\n<h3 class=\"wp-block-heading\">Temas y resultados<\/h3>\n<p>La agenda incluy\u00f3 dos ejes principales: el impacto de las <strong>nuevas tecnolog\u00edas<\/strong> en el narcotr\u00e1fico y el consumo, y el an\u00e1lisis de los flujos financieros il\u00edcitos, con \u00e9nfasis en la recuperaci\u00f3n de activos y su uso con fines sociales.<\/p>\n<p>Asimismo, se presentaron avances en la implementaci\u00f3n de la Declaraci\u00f3n de <strong>La Paz<\/strong> y se discutieron mecanismos para fortalecer la coordinaci\u00f3n entre ambas regiones y su articulaci\u00f3n con programas como <strong>COPOLAD III<\/strong>.<\/p>\n<p>La reuni\u00f3n concluy\u00f3 con la aprobaci\u00f3n del Documento de Resultados y del Informe Anual del mecanismo, adem\u00e1s del traspaso de la copresidencia de <strong>CELAC<\/strong> a <strong>Per\u00fa<\/strong>, dando inicio a una nueva etapa de cooperaci\u00f3n entre ambas regiones.<\/p>\n<\/div>\n","protected":false},"excerpt":{"rendered":"<p>Santo Domingo.\u2013 Representantes de Europa, Am\u00e9rica Latina y el Caribe participaron en Punta Cana en la XXVI Reuni\u00f3n de Alto Nivel del Mecanismo de Coordinaci\u00f3n y Cooperaci\u00f3n entre la Uni\u00f3n Europea (UE) y la Comunidad de Estados Latinoamericanos y Caribe\u00f1os (CELAC) en materia de drogas. El encuentro, conocido como Reuni\u00f3n de Alto Nivel UE-CELAC sobre<\/p>\n","protected":false},"author":1,"featured_media":38415,"comment_status":"open","ping_status":"open","sticky":false,"template":"","format":"standard","meta":{"footnotes":""},"categories":[1],"tags":[],"class_list":["post-38414","post","type-post","status-publish","format-standard","has-post-thumbnail","hentry","category-nacionales"],"_links":{"self":[{"href":"https:\/\/acronoticias.com\/index.php\/wp-json\/wp\/v2\/posts\/38414","targetHints":{"allow":["GET"]}}],"collection":[{"href":"https:\/\/acronoticias.com\/index.php\/wp-json\/wp\/v2\/posts"}],"about":[{"href":"https:\/\/acronoticias.com\/index.php\/wp-json\/wp\/v2\/types\/post"}],"author":[{"embeddable":true,"href":"https:\/\/acronoticias.com\/index.php\/wp-json\/wp\/v2\/users\/1"}],"replies":[{"embeddable":true,"href":"https:\/\/acronoticias.com\/index.php\/wp-json\/wp\/v2\/comments?post=38414"}],"version-history":[{"count":0,"href":"https:\/\/acronoticias.com\/index.php\/wp-json\/wp\/v2\/posts\/38414\/revisions"}],"wp:featuredmedia":[{"embeddable":true,"href":"https:\/\/acronoticias.com\/index.php\/wp-json\/wp\/v2\/media\/38415"}],"wp:attachment":[{"href":"https:\/\/acronoticias.com\/index.php\/wp-json\/wp\/v2\/media?parent=38414"}],"wp:term":[{"taxonomy":"category","embeddable":true,"href":"https:\/\/acronoticias.com\/index.php\/wp-json\/wp\/v2\/categories?post=38414"},{"taxonomy":"post_tag","embeddable":true,"href":"https:\/\/acronoticias.com\/index.php\/wp-json\/wp\/v2\/tags?post=38414"}],"curies":[{"name":"wp","href":"https:\/\/api.w.org\/{rel}","templated":true}]}}