{"id":38366,"date":"2026-05-01T15:21:09","date_gmt":"2026-05-01T15:21:09","guid":{"rendered":"https:\/\/acronoticias.com\/index.php\/2026\/05\/01\/mil-699-viviendas-afectadas-45-comunidades-incomunicadas-y-8495-personas-desplazadas-por-lluvias\/"},"modified":"2026-05-01T15:21:09","modified_gmt":"2026-05-01T15:21:09","slug":"mil-699-viviendas-afectadas-45-comunidades-incomunicadas-y-8495-personas-desplazadas-por-lluvias","status":"publish","type":"post","link":"https:\/\/acronoticias.com\/index.php\/2026\/05\/01\/mil-699-viviendas-afectadas-45-comunidades-incomunicadas-y-8495-personas-desplazadas-por-lluvias\/","title":{"rendered":"Mil 699 viviendas afectadas, 45 comunidades incomunicadas y 8,495 personas desplazadas por lluvias"},"content":{"rendered":"<div>\n<p><strong>Santo Domingo.- <\/strong>El <strong>Centro de Operaciones y Emergencias (COE)<\/strong> inform\u00f3 este viernes que, un total de <strong>1,699 viviendas resultaron afectadas<\/strong>, mientras que <strong>63 presentan da\u00f1os parciales,<\/strong> <strong>cinco fueron completamente destruidas<\/strong>, <strong>8,495 personas <\/strong>fueron desplazadas y <strong>45 comunidades quedaron incomunicadas por las lluvias.\u00a0<\/strong><\/p>\n<figure data-carousel-extra=\"{&quot;blog_id&quot;:1,&quot;permalink&quot;:&quot;https:\/\/rnn.com.do\/mil-699-viviendas-afectadas-45-comunidades-incomunicadas-y-8495-personas-desplazadas-por-lluvias\/&quot;}\" class=\"wp-block-gallery has-nested-images columns-default is-cropped wp-block-gallery-1 is-layout-flex wp-block-gallery-is-layout-flex\">\n<figure class=\"wp-block-image size-large\"><img data-recalc-dims=\"1\" fetchpriority=\"high\" decoding=\"async\" width=\"696\" height=\"207\" data-attachment-id=\"500074\" data-permalink=\"https:\/\/rnn.com.do\/mil-699-viviendas-afectadas-45-comunidades-incomunicadas-y-8495-personas-desplazadas-por-lluvias\/boletin-del-coe-2\/\" data-orig-file=\"https:\/\/i0.wp.com\/rnn.com.do\/wp-content\/uploads\/2026\/05\/BOLETIN-DEL-COE.jpg?fit=971%2C289&amp;ssl=1\" data-orig-size=\"971,289\" data-comments-opened=\"1\" data-image-meta=\"{&quot;aperture&quot;:&quot;0&quot;,&quot;credit&quot;:&quot;Ma\\u00f1ana&quot;,&quot;camera&quot;:&quot;&quot;,&quot;caption&quot;:&quot;&quot;,&quot;created_timestamp&quot;:&quot;1777632771&quot;,&quot;copyright&quot;:&quot;&quot;,&quot;focal_length&quot;:&quot;0&quot;,&quot;iso&quot;:&quot;0&quot;,&quot;shutter_speed&quot;:&quot;0&quot;,&quot;title&quot;:&quot;&quot;,&quot;orientation&quot;:&quot;0&quot;}\" data-image-title=\"BOLET\u00cdN DEL COE\" data-image-description=\"\" data-image-caption=\"\" data-large-file=\"https:\/\/i0.wp.com\/rnn.com.do\/wp-content\/uploads\/2026\/05\/BOLETIN-DEL-COE.jpg?fit=696%2C207&amp;ssl=1\" data-id=\"500074\" src=\"https:\/\/i0.wp.com\/rnn.com.do\/wp-content\/uploads\/2026\/05\/BOLETIN-DEL-COE.jpg?resize=696%2C207&amp;ssl=1\" alt=\"\" class=\"wp-image-500074\" srcset=\"https:\/\/i0.wp.com\/rnn.com.do\/wp-content\/uploads\/2026\/05\/BOLETIN-DEL-COE.jpg?w=971&amp;ssl=1 971w, https:\/\/i0.wp.com\/rnn.com.do\/wp-content\/uploads\/2026\/05\/BOLETIN-DEL-COE.jpg?resize=300%2C89&amp;ssl=1 300w, https:\/\/i0.wp.com\/rnn.com.do\/wp-content\/uploads\/2026\/05\/BOLETIN-DEL-COE.jpg?resize=768%2C229&amp;ssl=1 768w, https:\/\/i0.wp.com\/rnn.com.do\/wp-content\/uploads\/2026\/05\/BOLETIN-DEL-COE.jpg?resize=150%2C45&amp;ssl=1 150w, https:\/\/i0.wp.com\/rnn.com.do\/wp-content\/uploads\/2026\/05\/BOLETIN-DEL-COE.jpg?resize=696%2C207&amp;ssl=1 696w\" sizes=\"(max-width: 696px) 100vw, 696px\"\/><\/figure>\n<\/figure>\n<p>Seg\u00fan el comunicado emitido, el <strong>COE<\/strong> descontinu\u00f3 las provincias en alerta roja, coloc\u00f3 <strong>18 provincias en alerta amarilla<\/strong> y aument\u00f3 a <strong>ocho las localidades en alerta verde, <\/strong>debido que el<strong> INDOMET e INDRHI,<\/strong> informaron que por\u00a0 la incidencia de <strong>una vaguada asociada a un sistema frontal<\/strong>, se prev\u00e9 que durante<strong> la tarde y la noche se registren acumulados de lluvias.<\/strong><\/p>\n<p>En ese sentido las provincias que se encuentran <strong>en alerta amarilla son: <\/strong>Santiago Rodr\u00edguez, Valverde, Montecristi, Puerto Plata, Monte Plata, San Jos\u00e9 de Ocoa, Mar\u00eda Trinidad S\u00e4nchez, Santiago, Duarte, San Crist\u00f3bal, Hermanas Mirabal, El Seibo, Monse\u00f1or Nouel, La Vega, S\u00e1nchez Ram\u00edrez, Espaillat, Samana y Hato Mayor.\u00a0<\/p>\n<p>Mientras que las provincias que fueron colocadas en alerta verde son: La Romana, Peravia, San Pedro de Macor\u00eds, San Juan, La Altagracia, Dajab\u00f3n, Santo Domingo, Distrito nacional. <\/p>\n<figure data-carousel-extra=\"{&quot;blog_id&quot;:1,&quot;permalink&quot;:&quot;https:\/\/rnn.com.do\/mil-699-viviendas-afectadas-45-comunidades-incomunicadas-y-8495-personas-desplazadas-por-lluvias\/&quot;}\" class=\"wp-block-gallery has-nested-images columns-default is-cropped wp-block-gallery-2 is-layout-flex wp-block-gallery-is-layout-flex\">\n<figure class=\"wp-block-image size-large\"><img loading=\"lazy\" data-recalc-dims=\"1\" decoding=\"async\" width=\"696\" height=\"932\" data-attachment-id=\"500075\" data-permalink=\"https:\/\/rnn.com.do\/mil-699-viviendas-afectadas-45-comunidades-incomunicadas-y-8495-personas-desplazadas-por-lluvias\/whatsapp-image-2026-05-01-at-10-31-50-am\/\" data-orig-file=\"https:\/\/i0.wp.com\/rnn.com.do\/wp-content\/uploads\/2026\/05\/WhatsApp-Image-2026-05-01-at-10.31.50-AM.jpeg?fit=1084%2C1451&amp;ssl=1\" data-orig-size=\"1084,1451\" data-comments-opened=\"1\" data-image-meta=\"{&quot;aperture&quot;:&quot;0&quot;,&quot;credit&quot;:&quot;&quot;,&quot;camera&quot;:&quot;&quot;,&quot;caption&quot;:&quot;&quot;,&quot;created_timestamp&quot;:&quot;0&quot;,&quot;copyright&quot;:&quot;&quot;,&quot;focal_length&quot;:&quot;0&quot;,&quot;iso&quot;:&quot;0&quot;,&quot;shutter_speed&quot;:&quot;0&quot;,&quot;title&quot;:&quot;&quot;,&quot;orientation&quot;:&quot;0&quot;}\" data-image-title=\"WhatsApp Image 2026-05-01 at 10.31.50 AM\" data-image-description=\"\" data-image-caption=\"\" data-large-file=\"https:\/\/i0.wp.com\/rnn.com.do\/wp-content\/uploads\/2026\/05\/WhatsApp-Image-2026-05-01-at-10.31.50-AM.jpeg?fit=696%2C932&amp;ssl=1\" data-id=\"500075\" src=\"https:\/\/i0.wp.com\/rnn.com.do\/wp-content\/uploads\/2026\/05\/WhatsApp-Image-2026-05-01-at-10.31.50-AM.jpeg?resize=696%2C932&amp;ssl=1\" alt=\"\" class=\"wp-image-500075\" srcset=\"https:\/\/i0.wp.com\/rnn.com.do\/wp-content\/uploads\/2026\/05\/WhatsApp-Image-2026-05-01-at-10.31.50-AM.jpeg?resize=765%2C1024&amp;ssl=1 765w, https:\/\/i0.wp.com\/rnn.com.do\/wp-content\/uploads\/2026\/05\/WhatsApp-Image-2026-05-01-at-10.31.50-AM.jpeg?resize=224%2C300&amp;ssl=1 224w, https:\/\/i0.wp.com\/rnn.com.do\/wp-content\/uploads\/2026\/05\/WhatsApp-Image-2026-05-01-at-10.31.50-AM.jpeg?resize=768%2C1028&amp;ssl=1 768w, https:\/\/i0.wp.com\/rnn.com.do\/wp-content\/uploads\/2026\/05\/WhatsApp-Image-2026-05-01-at-10.31.50-AM.jpeg?resize=314%2C420&amp;ssl=1 314w, https:\/\/i0.wp.com\/rnn.com.do\/wp-content\/uploads\/2026\/05\/WhatsApp-Image-2026-05-01-at-10.31.50-AM.jpeg?resize=150%2C201&amp;ssl=1 150w, https:\/\/i0.wp.com\/rnn.com.do\/wp-content\/uploads\/2026\/05\/WhatsApp-Image-2026-05-01-at-10.31.50-AM.jpeg?resize=300%2C402&amp;ssl=1 300w, https:\/\/i0.wp.com\/rnn.com.do\/wp-content\/uploads\/2026\/05\/WhatsApp-Image-2026-05-01-at-10.31.50-AM.jpeg?resize=696%2C932&amp;ssl=1 696w, https:\/\/i0.wp.com\/rnn.com.do\/wp-content\/uploads\/2026\/05\/WhatsApp-Image-2026-05-01-at-10.31.50-AM.jpeg?resize=1068%2C1430&amp;ssl=1 1068w, https:\/\/i0.wp.com\/rnn.com.do\/wp-content\/uploads\/2026\/05\/WhatsApp-Image-2026-05-01-at-10.31.50-AM.jpeg?w=1084&amp;ssl=1 1084w\" sizes=\"auto, (max-width: 696px) 100vw, 696px\"\/><\/figure>\n<\/figure>\n<p>El <strong>COE <\/strong>recomend\u00f3 <strong>a las personas abstenerse de cruzar r\u00edos, arroyos y ca\u00f1adas <\/strong>que presenten altos vol\u00famenes de agua y no hacer uso de balnearios en las provincias bajo alerta.\u00a0<\/p>\n<p>Mientras que el <strong>Instituto Nacional de Aguas Potables y Alcantarillados (INAPA) <\/strong>inform\u00f3 de manera preliminar que, debido a las intensas lluvias registradas en las \u00faltimas horas, <strong>varios acueductos se encuentran totalmente fuera de servicio<\/strong>, lo que ha provocado afectaciones en el suministro de agua potable para un n\u00famero considerable de usuarios.\u00a0<\/p>\n<p>La situaci\u00f3n se mantiene bajo evaluaci\u00f3n mientras brigadas t\u00e9cnicas trabajan en el levantamiento de da\u00f1os y en la pronta rehabilitaci\u00f3n de los sistemas afectados.<\/p>\n<\/div>\n","protected":false},"excerpt":{"rendered":"<p>Santo Domingo.- El Centro de Operaciones y Emergencias (COE) inform\u00f3 este viernes que, un total de 1,699 viviendas resultaron afectadas, mientras que 63 presentan da\u00f1os parciales, cinco fueron completamente destruidas, 8,495 personas fueron desplazadas y 45 comunidades quedaron incomunicadas por las lluvias.\u00a0 Seg\u00fan el comunicado emitido, el COE descontinu\u00f3 las provincias en alerta roja, coloc\u00f3<\/p>\n","protected":false},"author":1,"featured_media":38367,"comment_status":"open","ping_status":"open","sticky":false,"template":"","format":"standard","meta":{"footnotes":""},"categories":[1],"tags":[],"class_list":["post-38366","post","type-post","status-publish","format-standard","has-post-thumbnail","hentry","category-nacionales"],"_links":{"self":[{"href":"https:\/\/acronoticias.com\/index.php\/wp-json\/wp\/v2\/posts\/38366","targetHints":{"allow":["GET"]}}],"collection":[{"href":"https:\/\/acronoticias.com\/index.php\/wp-json\/wp\/v2\/posts"}],"about":[{"href":"https:\/\/acronoticias.com\/index.php\/wp-json\/wp\/v2\/types\/post"}],"author":[{"embeddable":true,"href":"https:\/\/acronoticias.com\/index.php\/wp-json\/wp\/v2\/users\/1"}],"replies":[{"embeddable":true,"href":"https:\/\/acronoticias.com\/index.php\/wp-json\/wp\/v2\/comments?post=38366"}],"version-history":[{"count":0,"href":"https:\/\/acronoticias.com\/index.php\/wp-json\/wp\/v2\/posts\/38366\/revisions"}],"wp:featuredmedia":[{"embeddable":true,"href":"https:\/\/acronoticias.com\/index.php\/wp-json\/wp\/v2\/media\/38367"}],"wp:attachment":[{"href":"https:\/\/acronoticias.com\/index.php\/wp-json\/wp\/v2\/media?parent=38366"}],"wp:term":[{"taxonomy":"category","embeddable":true,"href":"https:\/\/acronoticias.com\/index.php\/wp-json\/wp\/v2\/categories?post=38366"},{"taxonomy":"post_tag","embeddable":true,"href":"https:\/\/acronoticias.com\/index.php\/wp-json\/wp\/v2\/tags?post=38366"}],"curies":[{"name":"wp","href":"https:\/\/api.w.org\/{rel}","templated":true}]}}