{"id":38342,"date":"2026-05-01T12:21:22","date_gmt":"2026-05-01T12:21:22","guid":{"rendered":"https:\/\/acronoticias.com\/index.php\/2026\/05\/01\/18-provincias-en-alerta-amarilla-coe-reporta-danos\/"},"modified":"2026-05-01T12:21:22","modified_gmt":"2026-05-01T12:21:22","slug":"18-provincias-en-alerta-amarilla-coe-reporta-danos","status":"publish","type":"post","link":"https:\/\/acronoticias.com\/index.php\/2026\/05\/01\/18-provincias-en-alerta-amarilla-coe-reporta-danos\/","title":{"rendered":"18 provincias en alerta amarilla, COE reporta da\u00f1os"},"content":{"rendered":"<div id=\"nota-texto\">\n<p><strong>SANTO DOMINGO.<\/strong> El <strong>Centro de Operaciones de Emergencias<\/strong> (<strong>COE<\/strong>) inform\u00f3 que se mantienen 18 provincias en alerta amarilla y 8 en alerta verde debido a una vaguada asociada a un sistema frontal, que provoca aguaceros fuertes, tormentas el\u00e9ctricas y r\u00e1fagas de viento en gran parte del pa\u00eds.<\/p>\n<p>Las autoridades advierten sobre posibles inundaciones urbanas y rurales, crecidas de r\u00edos, arroyos y ca\u00f1adas, <strong>as\u00ed como deslizamientos de tierra.<\/strong><\/p>\n<p><strong>Provincias<\/strong> bajo alerta <strong>amarilla son:<\/strong> <strong>Santiago Rodr\u00edguez<\/strong>, <strong>Valverde<\/strong>, <strong>Montecristi<\/strong>, <strong>Puerto Plata<\/strong>, <strong>Monte Plata<\/strong>, <strong>San Jos\u00e9 de Ocoa<\/strong>, <strong>Mar\u00eda Trinidad S\u00e1nchez<\/strong>, <strong>Santiago<\/strong>, <strong>Duarte<\/strong> (especialmente <strong>Bajo Yuna<\/strong>), <strong>San Crist\u00f3bal<\/strong>, <strong>Hermanas Mirabal<\/strong>, <strong>El Seibo<\/strong>, <strong>Monse\u00f1or Nouel<\/strong>, <strong>La Vega<\/strong>, <strong>S\u00e1nchez Ram\u00edrez<\/strong>, <strong>Espaillat<\/strong>, <strong>Saman\u00e1<\/strong> y <strong>Hato Mayor<\/strong>.<\/p>\n<p>Mientras que en <strong>alerta verde est\u00e1:<\/strong> <strong>San Juan<\/strong>, <strong>Peravia<\/strong>, <strong>San Pedro de Macor\u00eds<\/strong>, <strong>Distrito Nacional<\/strong>, <strong>La Altagracia<\/strong>, <strong>Dajab\u00f3n<\/strong>, <strong>La Romana<\/strong> y la provincia <strong>Santo Domingo<\/strong>.<\/p>\n<p>De acuerdo con el informe, unas 1,699 viviendas <strong>han resultado afectadas; 63, parcialmente; 5<\/strong>, destruidas, mientras que 8,495 personas han sido desplazadas y 45 comunidades permanecen incomunicadas.<\/p>\n<p>El <strong>COE<\/strong> reiter\u00f3 la prohibici\u00f3n del uso de r\u00edos y balnearios en las zonas bajo alerta, especialmente en la cuenca del r\u00edo <strong>Nizao<\/strong>, y exhort\u00f3 a la poblaci\u00f3n a no cruzar afluentes con alto volumen de agua.<\/p>\n<p>El organismo indic\u00f3 que las lluvias han provocado desbordamientos de r\u00edos, inundaciones y deslizamientos en varias demarcaciones, como <strong>El Seibo<\/strong>, <strong>Monte Plata<\/strong>, <strong>Puerto Plata<\/strong>, <strong>La Vega<\/strong>, <strong>Duarte<\/strong> y <strong>Santiago Rodr\u00edguez<\/strong>, afectando viviendas, v\u00edas y comunidades.<\/p>\n<p>Finalmente, el <strong>COE<\/strong> exhort\u00f3 a la ciudadan\u00eda a seguir las orientaciones de los organismos de socorro, mantenerse atentos a los boletines oficiales y tomar medidas preventivas ante la continuidad de las lluvias.<\/p>\n<\/div>\n","protected":false},"excerpt":{"rendered":"<p>SANTO DOMINGO. El Centro de Operaciones de Emergencias (COE) inform\u00f3 que se mantienen 18 provincias en alerta amarilla y 8 en alerta verde debido a una vaguada asociada a un sistema frontal, que provoca aguaceros fuertes, tormentas el\u00e9ctricas y r\u00e1fagas de viento en gran parte del pa\u00eds. Las autoridades advierten sobre posibles inundaciones urbanas y<\/p>\n","protected":false},"author":1,"featured_media":38343,"comment_status":"open","ping_status":"open","sticky":false,"template":"","format":"standard","meta":{"footnotes":""},"categories":[1],"tags":[],"class_list":["post-38342","post","type-post","status-publish","format-standard","has-post-thumbnail","hentry","category-nacionales"],"_links":{"self":[{"href":"https:\/\/acronoticias.com\/index.php\/wp-json\/wp\/v2\/posts\/38342","targetHints":{"allow":["GET"]}}],"collection":[{"href":"https:\/\/acronoticias.com\/index.php\/wp-json\/wp\/v2\/posts"}],"about":[{"href":"https:\/\/acronoticias.com\/index.php\/wp-json\/wp\/v2\/types\/post"}],"author":[{"embeddable":true,"href":"https:\/\/acronoticias.com\/index.php\/wp-json\/wp\/v2\/users\/1"}],"replies":[{"embeddable":true,"href":"https:\/\/acronoticias.com\/index.php\/wp-json\/wp\/v2\/comments?post=38342"}],"version-history":[{"count":0,"href":"https:\/\/acronoticias.com\/index.php\/wp-json\/wp\/v2\/posts\/38342\/revisions"}],"wp:featuredmedia":[{"embeddable":true,"href":"https:\/\/acronoticias.com\/index.php\/wp-json\/wp\/v2\/media\/38343"}],"wp:attachment":[{"href":"https:\/\/acronoticias.com\/index.php\/wp-json\/wp\/v2\/media?parent=38342"}],"wp:term":[{"taxonomy":"category","embeddable":true,"href":"https:\/\/acronoticias.com\/index.php\/wp-json\/wp\/v2\/categories?post=38342"},{"taxonomy":"post_tag","embeddable":true,"href":"https:\/\/acronoticias.com\/index.php\/wp-json\/wp\/v2\/tags?post=38342"}],"curies":[{"name":"wp","href":"https:\/\/api.w.org\/{rel}","templated":true}]}}