{"id":38330,"date":"2026-05-01T10:39:31","date_gmt":"2026-05-01T10:39:31","guid":{"rendered":"https:\/\/acronoticias.com\/index.php\/2026\/05\/01\/ue-y-celac-refuerzan-alianza-anti-narco\/"},"modified":"2026-05-01T10:39:31","modified_gmt":"2026-05-01T10:39:31","slug":"ue-y-celac-refuerzan-alianza-anti-narco","status":"publish","type":"post","link":"https:\/\/acronoticias.com\/index.php\/2026\/05\/01\/ue-y-celac-refuerzan-alianza-anti-narco\/","title":{"rendered":"UE y Celac refuerzan alianza anti-narco"},"content":{"rendered":"<div>\n<div class=\"c-detail__author full\">\n<div>\n<div class=\"c-detail__author__thumb\">\n<figure>\n                                <picture src=\"https:\/\/imagenes.hoy.com.do\/files\/image_square_xs\/uploads\/2025\/11\/18\/691c7d5bed035.jpeg\" data-size=\"w:40,h:40\">\n                                    <img decoding=\"async\" loading=\"lazy\" alt=\"EFE EFE\" width=\"40\" height=\"40\" src=\"https:\/\/imagenes.hoy.com.do\/files\/image_square_xs\/uploads\/2025\/11\/18\/691c7d5bed035.jpeg\"\/>\n                                <\/picture>\n                                <\/figure>\n<\/div>\n<\/div>\n<\/div>\n<p>                                                                                            <!-- --><\/p>\n<p class=\"paragraph\">La Uni\u00f3n Europea (UE) y la<b> Comunidad de Estados Latinoamericanos y Caribe\u00f1os (Celac) <\/b>reafirmaron este jueves su compromiso de intensificar la cooperaci\u00f3n frente al <b>aumento mundial del narcotr\u00e1fico <\/b>que, de acuerdo con el ministro del Interior de Espa\u00f1a, Fernando Grande-Marlaska, \u201cexige una respuesta global&#8221;.<\/p>\n<p class=\"paragraph\">Estos cr\u00edmenes \u201chan evolucionado en los \u00faltimos a\u00f1os (&#8230;) con redes altamente sofisticadas que utilizan nuevas tecnolog\u00edas\u201d, por lo que es necesario \u201cuna respuesta global, basada en el principio de responsabilidad compartida y com\u00fan\u201d, se\u00f1al\u00f3 Grande-Marlaska.<\/p>\n<p class=\"paragraph\">El alto cargo espa\u00f1ol hizo estas declaraciones durante la XXVI Reuni\u00f3n de Alto Nivel del Mecanismo UE-Celac celebrada en Punta Cana, este de la Rep\u00fablica Dominicana, el principal foro pol\u00edtico de articulaci\u00f3n entre ambas regiones, que sirvi\u00f3 para definir prioridades estrat\u00e9gicas y respuestas conjuntas ante los retos que suponen el narcotr\u00e1fico y el crimen organizado.<\/p>\n<div class=\"c-detail__box \">\n<article class=\"c-detail__sumario \">\n<figure class=\"c-detail__sumario__thumb\" style=\"display: block;\">\n            <a href=\"#\" title=\"\">\n                <picture data-size=\"w:140,h:140\" loading=\"lazy\" src=\"https:\/\/imagenes.hoy.com.do\/files\/related_image\/uploads\/2026\/04\/29\/69f2cdc7b819f.png\" data-full-src=\"https:\/\/imagenes.hoy.com.do\/uploads\/2026\/04\/29\/69f2cdc7b819f.png\">\n                    <img loading=\"lazy\" decoding=\"async\" width=\"140\" height=\"140\" alt=\"Rub\u00e9n Rocha Moya.  AP\" src=\"https:\/\/imagenes.hoy.com.do\/uploads\/2026\/04\/29\/69f2cdc7b819f.png\"\/>\n                <\/picture>\n            <\/a><br \/>\n        <\/figure>\n<\/article>\n<\/div>\n<p class=\"paragraph\">De su lado, la jefa de la Fiscal\u00eda Nacional Antidrogas de Espa\u00f1a, Rosa Ana Mor\u00e1n Mart\u00ednez, dijo a EFE que \u201cestamos enfrentado un fen\u00f3meno global. Necesitamos discutirlo, saber qu\u00e9 es lo que pasa, sobre todo con el narcotr\u00e1fico y establecer estrategias comunes que nos permitan cooperar mejor&#8221;.<\/p>\n<p class=\"paragraph\">Mor\u00e1n Mart\u00ednez adelant\u00f3 que para noviembre se est\u00e1 organizado una reuni\u00f3n con fiscales antidrogas de Europa, Am\u00e9rica Latina y el Caribe con el objetivo de abordar temas como la investigaci\u00f3n financiera sobre el narcotr\u00e1fico.<\/p>\n<p class=\"paragraph\">Mientras, la ministra dominicana de Interior y Polic\u00eda, Faride Raful, resalt\u00f3 que este di\u00e1logo confirma que la respuesta al fen\u00f3meno de las drogas requiere de una alianza real, estrat\u00e9gica y sostenida entre el sector p\u00fablico y el sector privado.<\/p>\n<p class=\"paragraph\">En ese orden, Raful destac\u00f3 \u201cla importancia de enfrentar los desaf\u00edos del crimen organizado promoviendo un enfoque integral que combina prevenci\u00f3n, control y cooperaci\u00f3n internacional&#8221;.\u00a0<\/p>\n<\/p><\/div>\n","protected":false},"excerpt":{"rendered":"<p>La Uni\u00f3n Europea (UE) y la Comunidad de Estados Latinoamericanos y Caribe\u00f1os (Celac) reafirmaron este jueves su compromiso de intensificar la cooperaci\u00f3n frente al aumento mundial del narcotr\u00e1fico que, de acuerdo con el ministro del Interior de Espa\u00f1a, Fernando Grande-Marlaska, \u201cexige una respuesta global&#8221;. Estos cr\u00edmenes \u201chan evolucionado en los \u00faltimos a\u00f1os (&#8230;) con redes<\/p>\n","protected":false},"author":1,"featured_media":38331,"comment_status":"open","ping_status":"open","sticky":false,"template":"","format":"standard","meta":{"footnotes":""},"categories":[3],"tags":[],"class_list":["post-38330","post","type-post","status-publish","format-standard","has-post-thumbnail","hentry","category-internacionales"],"_links":{"self":[{"href":"https:\/\/acronoticias.com\/index.php\/wp-json\/wp\/v2\/posts\/38330","targetHints":{"allow":["GET"]}}],"collection":[{"href":"https:\/\/acronoticias.com\/index.php\/wp-json\/wp\/v2\/posts"}],"about":[{"href":"https:\/\/acronoticias.com\/index.php\/wp-json\/wp\/v2\/types\/post"}],"author":[{"embeddable":true,"href":"https:\/\/acronoticias.com\/index.php\/wp-json\/wp\/v2\/users\/1"}],"replies":[{"embeddable":true,"href":"https:\/\/acronoticias.com\/index.php\/wp-json\/wp\/v2\/comments?post=38330"}],"version-history":[{"count":0,"href":"https:\/\/acronoticias.com\/index.php\/wp-json\/wp\/v2\/posts\/38330\/revisions"}],"wp:featuredmedia":[{"embeddable":true,"href":"https:\/\/acronoticias.com\/index.php\/wp-json\/wp\/v2\/media\/38331"}],"wp:attachment":[{"href":"https:\/\/acronoticias.com\/index.php\/wp-json\/wp\/v2\/media?parent=38330"}],"wp:term":[{"taxonomy":"category","embeddable":true,"href":"https:\/\/acronoticias.com\/index.php\/wp-json\/wp\/v2\/categories?post=38330"},{"taxonomy":"post_tag","embeddable":true,"href":"https:\/\/acronoticias.com\/index.php\/wp-json\/wp\/v2\/tags?post=38330"}],"curies":[{"name":"wp","href":"https:\/\/api.w.org\/{rel}","templated":true}]}}