{"id":38328,"date":"2026-05-01T09:59:41","date_gmt":"2026-05-01T09:59:41","guid":{"rendered":"https:\/\/acronoticias.com\/index.php\/2026\/05\/01\/red-sox-colocan-a-garrett-crochet-en-la-lista-de-lesionados-por-inflamacion-en-el-hombro\/"},"modified":"2026-05-01T09:59:41","modified_gmt":"2026-05-01T09:59:41","slug":"red-sox-colocan-a-garrett-crochet-en-la-lista-de-lesionados-por-inflamacion-en-el-hombro","status":"publish","type":"post","link":"https:\/\/acronoticias.com\/index.php\/2026\/05\/01\/red-sox-colocan-a-garrett-crochet-en-la-lista-de-lesionados-por-inflamacion-en-el-hombro\/","title":{"rendered":"Red Sox colocan a Garrett Crochet en la lista de lesionados por inflamaci\u00f3n en el hombro"},"content":{"rendered":"<div>\n<div class=\"c-detail__author full\">\n<div>\n<div class=\"c-detail__author__thumb\">\n<figure>\n                                <picture src=\"https:\/\/imagenes.hoy.com.do\/files\/image_square_xs\/uploads\/2025\/11\/18\/691c7d2b0f1b1.png\" data-size=\"w:40,h:40\">\n                                    <img decoding=\"async\" loading=\"lazy\" alt=\"Agencia AP\" width=\"40\" height=\"40\" src=\"https:\/\/imagenes.hoy.com.do\/files\/image_square_xs\/uploads\/2025\/11\/18\/691c7d2b0f1b1.png\"\/>\n                                <\/picture>\n                                <\/figure>\n<\/div>\n<\/div>\n<\/div>\n<p>                                                                                            <!-- --><\/p>\n<p class=\"paragraph\">Los <b>Medias Rojas de Boston<\/b> colocaron a su as, <b>Garrett Crochet<\/b>, en la lista de lesionados de 15 d\u00edas debido a una inflamaci\u00f3n en el hombro de lanzar, el \u00faltimo contratiempo de inicio de temporada para el estelar zurdo.<\/p>\n<p class=\"paragraph\">Los Medias Rojas anunciaron el movimiento en la plantilla antes del partido del mi\u00e9rcoles por la tarde contra los Azulejos en Toronto. El jugador polivalente <b>Nate Eaton<\/b> fue llamado de la filial Triple-A de Worcester en un movimiento correspondiente en la plantilla.<\/p>\n<p class=\"paragraph\">Crochet, de 26 a\u00f1os, ha tenido un comienzo dif\u00edcil en su segunda temporada en Boston. El dos veces All-Star tiene una <b>efectividad de 6.30 <\/b>en sus primeras seis aperturas, incluyendo una salida en Minnesota hace dos semanas donde permiti\u00f3 10 carreras limpias, la peor de su carrera, contra los Mellizos.<\/p>\n<p class=\"paragraph\">Crochet declar\u00f3 a la prensa el mi\u00e9rcoles que tiene &#8220;bastante confianza&#8221; en que regresar\u00e1 a la rotaci\u00f3n de Boston cuando sea elegible para ser activado de la lista de lesionados. A\u00f1adi\u00f3 que los Medias Rojas decidieron colocarlo en la lista de lesionados tras una conversaci\u00f3n con el director de operaciones de b\u00e9isbol, <b>Craig Breslow<\/b>, y el cuerpo m\u00e9dico del equipo.<\/p>\n<p class=\"paragraph\">Crochet lanz\u00f3 seis entradas sin permitir carreras el s\u00e1bado contra los Orioles de Baltimore y no report\u00f3 problemas de salud despu\u00e9s del partido. Los Medias Rojas despidieron al m\u00e1nager <b>Alex Cora<\/b> y a varios entrenadores ese mismo d\u00eda.<\/p>\n<p class=\"paragraph\">Crochet declar\u00f3 el mi\u00e9rcoles que comenz\u00f3 a sentir fatiga en el hombro izquierdo durante su apertura en Baltimore. Tambi\u00e9n se\u00f1al\u00f3 que ha seguido lanzando a pesar de la inflamaci\u00f3n en el hombro.<\/p>\n<div class=\"c-detail__box \">\n<article class=\"c-detail__sumario \">\n<figure class=\"c-detail__sumario__thumb\" style=\"display: block;\">\n            <a href=\"#\" title=\"\">\n                <picture data-size=\"w:140,h:140\" loading=\"lazy\" src=\"https:\/\/imagenes.hoy.com.do\/files\/related_image\/uploads\/2026\/04\/29\/69f2682205768.webp\" data-full-src=\"https:\/\/imagenes.hoy.com.do\/uploads\/2026\/04\/29\/69f2682205768.webp\">\n                    <img loading=\"lazy\" decoding=\"async\" width=\"140\" height=\"140\" alt=\"Junior Caminero es revisado por el staff de los Rays\" src=\"https:\/\/imagenes.hoy.com.do\/uploads\/2026\/04\/29\/69f2682205768.webp\"\/>\n                <\/picture>\n            <\/a><br \/>\n        <\/figure>\n<\/article>\n<\/div><\/div>\n","protected":false},"excerpt":{"rendered":"<p>Los Medias Rojas de Boston colocaron a su as, Garrett Crochet, en la lista de lesionados de 15 d\u00edas debido a una inflamaci\u00f3n en el hombro de lanzar, el \u00faltimo contratiempo de inicio de temporada para el estelar zurdo. Los Medias Rojas anunciaron el movimiento en la plantilla antes del partido del mi\u00e9rcoles por la<\/p>\n","protected":false},"author":1,"featured_media":38329,"comment_status":"open","ping_status":"open","sticky":false,"template":"","format":"standard","meta":{"footnotes":""},"categories":[2],"tags":[],"class_list":["post-38328","post","type-post","status-publish","format-standard","has-post-thumbnail","hentry","category-deporte"],"_links":{"self":[{"href":"https:\/\/acronoticias.com\/index.php\/wp-json\/wp\/v2\/posts\/38328","targetHints":{"allow":["GET"]}}],"collection":[{"href":"https:\/\/acronoticias.com\/index.php\/wp-json\/wp\/v2\/posts"}],"about":[{"href":"https:\/\/acronoticias.com\/index.php\/wp-json\/wp\/v2\/types\/post"}],"author":[{"embeddable":true,"href":"https:\/\/acronoticias.com\/index.php\/wp-json\/wp\/v2\/users\/1"}],"replies":[{"embeddable":true,"href":"https:\/\/acronoticias.com\/index.php\/wp-json\/wp\/v2\/comments?post=38328"}],"version-history":[{"count":0,"href":"https:\/\/acronoticias.com\/index.php\/wp-json\/wp\/v2\/posts\/38328\/revisions"}],"wp:featuredmedia":[{"embeddable":true,"href":"https:\/\/acronoticias.com\/index.php\/wp-json\/wp\/v2\/media\/38329"}],"wp:attachment":[{"href":"https:\/\/acronoticias.com\/index.php\/wp-json\/wp\/v2\/media?parent=38328"}],"wp:term":[{"taxonomy":"category","embeddable":true,"href":"https:\/\/acronoticias.com\/index.php\/wp-json\/wp\/v2\/categories?post=38328"},{"taxonomy":"post_tag","embeddable":true,"href":"https:\/\/acronoticias.com\/index.php\/wp-json\/wp\/v2\/tags?post=38328"}],"curies":[{"name":"wp","href":"https:\/\/api.w.org\/{rel}","templated":true}]}}