{"id":38326,"date":"2026-05-01T09:38:56","date_gmt":"2026-05-01T09:38:56","guid":{"rendered":"https:\/\/acronoticias.com\/index.php\/2026\/05\/01\/dice-iran-protegera-misiles-y-capacidades-nucleares\/"},"modified":"2026-05-01T09:38:56","modified_gmt":"2026-05-01T09:38:56","slug":"dice-iran-protegera-misiles-y-capacidades-nucleares","status":"publish","type":"post","link":"https:\/\/acronoticias.com\/index.php\/2026\/05\/01\/dice-iran-protegera-misiles-y-capacidades-nucleares\/","title":{"rendered":"Dice Ir\u00e1n proteger\u00e1 misiles y \u201ccapacidades nucleares\u201d"},"content":{"rendered":"<div>\n<div class=\"c-detail__author full\">\n<div>\n<div class=\"c-detail__author__thumb\">\n<figure>\n                                <picture src=\"https:\/\/imagenes.hoy.com.do\/files\/image_square_xs\/uploads\/2025\/11\/18\/691c7d2b0f1b1.png\" data-size=\"w:40,h:40\">\n                                    <img decoding=\"async\" loading=\"lazy\" alt=\"Agencia AP\" width=\"40\" height=\"40\" src=\"https:\/\/imagenes.hoy.com.do\/files\/image_square_xs\/uploads\/2025\/11\/18\/691c7d2b0f1b1.png\"\/>\n                                <\/picture>\n                                <\/figure>\n<\/div>\n<\/div>\n<\/div>\n<p>                                                                                            <!-- --><\/p>\n<p class=\"paragraph\">DUB\u00c1I, Emiratos \u00c1rabes Unidos.- AP<\/p>\n<p class=\"paragraph\">El l\u00edder supremo de Ir\u00e1n afirm\u00f3 ayer, jueves, en un tono desafiante, que la Rep\u00fablica Isl\u00e1mica proteger\u00e1 sus <b>\u201ccapacidades nucleares y de misiles\u201d,<\/b> que el presidente de Estados Unidos, Donald Trump, ha tratado de reducir mediante ataques a\u00e9reos y como parte de un acuerdo m\u00e1s amplio para afianzar el fr\u00e1gil alto el fuego en la guerra.<\/p>\n<p class=\"paragraph\">En una declaraci\u00f3n le\u00edda por un presentador de la televisora estatal iran\u00ed, el ayatol\u00e1 Moytab\u00e1 Jamenei dijo que el \u00fanico lugar al que pertenecen los estadounidenses en el golfo P\u00e9rsico es \u201cen el fondo de sus aguas\u201d y que se est\u00e1 escribiendo un \u201cnuevo cap\u00edtulo\u201d en la historia de la regi\u00f3n. Jamenei no ha sido visto en p\u00fablico desde que asumi\u00f3 el poder tras la muerte de su padre en los primeros ataques de la guerra.<\/p>\n<p class=\"paragraph\">Sus declaraciones llegan en un momento en que la econom\u00eda iran\u00ed se tambalea y su industria petrolera ha comenzado a verse asfixiada por un bloqueo de la Marina EEUU que impide que sus buques petroleros salgan al mar. La econom\u00eda mundial tambi\u00e9n est\u00e1 bajo presi\u00f3n mientras Teher\u00e1n mantiene su asfixiante control sobre Ormuz, por el que se transporta una quinta parte de todo el crudo comercializado a nivel mundial. El jueves, el crudo Brent de referencia internacional alcanz\u00f3 los 126 d\u00f3lares por barril.<\/p>\n<div class=\"c-detail__box \">\n<article class=\"c-detail__sumario \">\n<figure class=\"c-detail__sumario__thumb\" style=\"display: block;\">\n            <a href=\"#\" title=\"\">\n                <picture data-size=\"w:140,h:140\" loading=\"lazy\" src=\"https:\/\/imagenes.hoy.com.do\/files\/related_image\/files\/fp\/uploads\/2026\/04\/14\/69deb8d9c6bbb.r_d.774-455.webp\" data-full-src=\"https:\/\/imagenes.hoy.com.do\/uploads\/2026\/04\/14\/69deb8d9c6bbb.webp\">\n                    <img loading=\"lazy\" decoding=\"async\" width=\"140\" height=\"140\" alt=\"Donald Trump volvi\u00f3 a hablar sobre Ir\u00e1n.\" src=\"https:\/\/imagenes.hoy.com.do\/uploads\/2026\/04\/14\/69deb8d9c6bbb.webp\"\/>\n                <\/picture>\n            <\/a><br \/>\n        <\/figure>\n<\/article>\n<\/div>\n<p class=\"paragraph\">Ese impacto en los suministros y los precios del petr\u00f3leo acumulan la presi\u00f3n sobre Trump, quien plantea un nuevo plan para reabrir el estrecho, por el que aliados de Estados Unidos en el golfo exportan su petr\u00f3leo y gas. Seg\u00fan el plan, EEUU mantendr\u00eda su bloqueo de los puertos iran\u00edes, mientras coordina con sus aliados para imponer mayores costos a los intentos de Ir\u00e1n de socavar el libre flujo de energ\u00eda, de acuerdo con un alto funcionario del gobierno EEUU. Trump eval\u00faa m\u00faltiples opciones diplom\u00e1ticas y pol\u00edticas para presionar a Ir\u00e1n a poner fin a su asfixiante control.<\/p>\n<\/p><\/div>\n","protected":false},"excerpt":{"rendered":"<p>DUB\u00c1I, Emiratos \u00c1rabes Unidos.- AP El l\u00edder supremo de Ir\u00e1n afirm\u00f3 ayer, jueves, en un tono desafiante, que la Rep\u00fablica Isl\u00e1mica proteger\u00e1 sus \u201ccapacidades nucleares y de misiles\u201d, que el presidente de Estados Unidos, Donald Trump, ha tratado de reducir mediante ataques a\u00e9reos y como parte de un acuerdo m\u00e1s amplio para afianzar el fr\u00e1gil<\/p>\n","protected":false},"author":1,"featured_media":38327,"comment_status":"open","ping_status":"open","sticky":false,"template":"","format":"standard","meta":{"footnotes":""},"categories":[3],"tags":[],"class_list":["post-38326","post","type-post","status-publish","format-standard","has-post-thumbnail","hentry","category-internacionales"],"_links":{"self":[{"href":"https:\/\/acronoticias.com\/index.php\/wp-json\/wp\/v2\/posts\/38326","targetHints":{"allow":["GET"]}}],"collection":[{"href":"https:\/\/acronoticias.com\/index.php\/wp-json\/wp\/v2\/posts"}],"about":[{"href":"https:\/\/acronoticias.com\/index.php\/wp-json\/wp\/v2\/types\/post"}],"author":[{"embeddable":true,"href":"https:\/\/acronoticias.com\/index.php\/wp-json\/wp\/v2\/users\/1"}],"replies":[{"embeddable":true,"href":"https:\/\/acronoticias.com\/index.php\/wp-json\/wp\/v2\/comments?post=38326"}],"version-history":[{"count":0,"href":"https:\/\/acronoticias.com\/index.php\/wp-json\/wp\/v2\/posts\/38326\/revisions"}],"wp:featuredmedia":[{"embeddable":true,"href":"https:\/\/acronoticias.com\/index.php\/wp-json\/wp\/v2\/media\/38327"}],"wp:attachment":[{"href":"https:\/\/acronoticias.com\/index.php\/wp-json\/wp\/v2\/media?parent=38326"}],"wp:term":[{"taxonomy":"category","embeddable":true,"href":"https:\/\/acronoticias.com\/index.php\/wp-json\/wp\/v2\/categories?post=38326"},{"taxonomy":"post_tag","embeddable":true,"href":"https:\/\/acronoticias.com\/index.php\/wp-json\/wp\/v2\/tags?post=38326"}],"curies":[{"name":"wp","href":"https:\/\/api.w.org\/{rel}","templated":true}]}}