{"id":38321,"date":"2026-05-01T07:57:51","date_gmt":"2026-05-01T07:57:51","guid":{"rendered":"https:\/\/acronoticias.com\/index.php\/2026\/05\/01\/arsenal-y-atletico-empatan-1-1-en-el-partido-de-ida-de-las-semifinales-de-liga-de-campeones\/"},"modified":"2026-05-01T07:57:51","modified_gmt":"2026-05-01T07:57:51","slug":"arsenal-y-atletico-empatan-1-1-en-el-partido-de-ida-de-las-semifinales-de-liga-de-campeones","status":"publish","type":"post","link":"https:\/\/acronoticias.com\/index.php\/2026\/05\/01\/arsenal-y-atletico-empatan-1-1-en-el-partido-de-ida-de-las-semifinales-de-liga-de-campeones\/","title":{"rendered":"Arsenal y Atl\u00e9tico empatan 1-1 en el partido de ida de las semifinales de Liga de Campeones"},"content":{"rendered":"<div>\n<div class=\"c-detail__author full\">\n<div>\n<div class=\"c-detail__author__thumb\">\n<figure>\n                                <picture src=\"https:\/\/imagenes.hoy.com.do\/files\/image_square_xs\/uploads\/2025\/11\/18\/691c7d2b0f1b1.png\" data-size=\"w:40,h:40\">\n                                    <img decoding=\"async\" loading=\"lazy\" alt=\"Agencia AP\" width=\"40\" height=\"40\" src=\"https:\/\/imagenes.hoy.com.do\/files\/image_square_xs\/uploads\/2025\/11\/18\/691c7d2b0f1b1.png\"\/>\n                                <\/picture>\n                                <\/figure>\n<\/div>\n<\/div>\n<\/div>\n<p>                                                                                            <!-- --><\/p>\n<p class=\"paragraph\">El <b>Atl\u00e9tico de Madrid<\/b> y el <b>Arsenal<\/b> empataron 1-1 en el partido de ida de las semifinales de la <b>Liga de Campeones<\/b> el mi\u00e9rcoles.<\/p>\n<p class=\"paragraph\">Fue un encuentro intenso en Madrid entre dos clubes que buscaban regresar a la final tras una larga ausencia y conquistar el t\u00edtulo europeo por primera vez.<\/p>\n<p class=\"paragraph\">Fue un marcado contraste con la semifinal del martes, en la que el vigente campe\u00f3n, el <b>Paris Saint-Germain<\/b>, se impuso al <b>Bayern de M\u00fanich<\/b> por 5-4 en un emocionante partido en Francia.<\/p>\n<p class=\"paragraph\">Viktor Gy\u00f6keres adelant\u00f3 al Arsenal en el Estadio Metropolitano al convertir un penalti en el minuto 44. <b>Juli\u00e1n \u00c1lvarez<\/b> empat\u00f3 para el Atl\u00e9tico, tambi\u00e9n de penalti, en el minuto 56.<\/p>\n<p class=\"paragraph\">El Arsenal dispuso de otro penalti en el minuto 78 despu\u00e9s de que Eberechi Eze fuera derribado por David Hancko dentro del \u00e1rea, pero la decisi\u00f3n fue anulada, minutos despu\u00e9s, tras la revisi\u00f3n del VAR.<\/p>\n<p class=\"paragraph\">El partido de vuelta se disputar\u00e1 el pr\u00f3ximo martes en Londres. En la fase de grupos de la competici\u00f3n, el Arsenal gole\u00f3 al Atl\u00e9tico por 4-0 en el Emirates Stadium.<\/p>\n<p class=\"paragraph\">El Atl\u00e9tico de Madrid lleg\u00f3 por \u00faltima vez a la final de la <b>Liga de Campeones<\/b> en 2016, cuando perdi\u00f3 contra su rival de ciudad, el <b>Real Madrid.<\/b><\/p>\n<div class=\"c-detail__box \">\n<article class=\"c-detail__sumario \">\n<figure class=\"c-detail__sumario__thumb\" style=\"display: block;\">\n            <a href=\"#\" title=\"\">\n                <picture data-size=\"w:140,h:140\" loading=\"lazy\" src=\"https:\/\/imagenes.hoy.com.do\/files\/related_image\/uploads\/2026\/04\/29\/69f26ba5ba3c0.webp\" data-full-src=\"https:\/\/imagenes.hoy.com.do\/uploads\/2026\/04\/29\/69f26ba5ba3c0.webp\">\n                    <img loading=\"lazy\" decoding=\"async\" width=\"140\" height=\"140\" alt=\"Garrett Crochet\" src=\"https:\/\/imagenes.hoy.com.do\/uploads\/2026\/04\/29\/69f26ba5ba3c0.webp\"\/>\n                <\/picture>\n            <\/a><br \/>\n        <\/figure>\n<\/article>\n<\/div><\/div>\n","protected":false},"excerpt":{"rendered":"<p>El Atl\u00e9tico de Madrid y el Arsenal empataron 1-1 en el partido de ida de las semifinales de la Liga de Campeones el mi\u00e9rcoles. Fue un encuentro intenso en Madrid entre dos clubes que buscaban regresar a la final tras una larga ausencia y conquistar el t\u00edtulo europeo por primera vez. Fue un marcado contraste<\/p>\n","protected":false},"author":1,"featured_media":38322,"comment_status":"open","ping_status":"open","sticky":false,"template":"","format":"standard","meta":{"footnotes":""},"categories":[2],"tags":[],"class_list":["post-38321","post","type-post","status-publish","format-standard","has-post-thumbnail","hentry","category-deporte"],"_links":{"self":[{"href":"https:\/\/acronoticias.com\/index.php\/wp-json\/wp\/v2\/posts\/38321","targetHints":{"allow":["GET"]}}],"collection":[{"href":"https:\/\/acronoticias.com\/index.php\/wp-json\/wp\/v2\/posts"}],"about":[{"href":"https:\/\/acronoticias.com\/index.php\/wp-json\/wp\/v2\/types\/post"}],"author":[{"embeddable":true,"href":"https:\/\/acronoticias.com\/index.php\/wp-json\/wp\/v2\/users\/1"}],"replies":[{"embeddable":true,"href":"https:\/\/acronoticias.com\/index.php\/wp-json\/wp\/v2\/comments?post=38321"}],"version-history":[{"count":0,"href":"https:\/\/acronoticias.com\/index.php\/wp-json\/wp\/v2\/posts\/38321\/revisions"}],"wp:featuredmedia":[{"embeddable":true,"href":"https:\/\/acronoticias.com\/index.php\/wp-json\/wp\/v2\/media\/38322"}],"wp:attachment":[{"href":"https:\/\/acronoticias.com\/index.php\/wp-json\/wp\/v2\/media?parent=38321"}],"wp:term":[{"taxonomy":"category","embeddable":true,"href":"https:\/\/acronoticias.com\/index.php\/wp-json\/wp\/v2\/categories?post=38321"},{"taxonomy":"post_tag","embeddable":true,"href":"https:\/\/acronoticias.com\/index.php\/wp-json\/wp\/v2\/tags?post=38321"}],"curies":[{"name":"wp","href":"https:\/\/api.w.org\/{rel}","templated":true}]}}