{"id":38317,"date":"2026-05-01T06:56:38","date_gmt":"2026-05-01T06:56:38","guid":{"rendered":"https:\/\/acronoticias.com\/index.php\/2026\/05\/01\/el-pais-que-cuente-conmigo\/"},"modified":"2026-05-01T06:56:38","modified_gmt":"2026-05-01T06:56:38","slug":"el-pais-que-cuente-conmigo","status":"publish","type":"post","link":"https:\/\/acronoticias.com\/index.php\/2026\/05\/01\/el-pais-que-cuente-conmigo\/","title":{"rendered":"\u201cel pa\u00eds que cuente conmigo\u201d"},"content":{"rendered":"<div>\n<div class=\"c-detail__author full\">\n<div>\n<div class=\"c-detail__author__thumb\">\n<figure>\n                                <picture src=\"https:\/\/imagenes.hoy.com.do\/files\/image_square_xs\/uploads\/2025\/12\/15\/693fcb65794ee.png\" data-size=\"w:40,h:40\">\n                                    <img decoding=\"async\" loading=\"lazy\" alt=\"Primitivo Cadete\" width=\"40\" height=\"40\" src=\"https:\/\/imagenes.hoy.com.do\/files\/image_square_xs\/uploads\/2025\/12\/15\/693fcb65794ee.png\"\/>\n                                <\/picture>\n                                <\/figure>\n<\/div>\n<\/div>\n<\/div>\n<p>                                                                                            <!-- --><\/p>\n<p class=\"paragraph\">La participaci\u00f3n de Cristian Pinales en los <b>Juegos Centroamericanos y del Caribe Santo Domingo 2026<\/b> estaba en \u201cveremos\u201d debido a su decisi\u00f3n de incursionar en el boxeo profesional, despu\u00e9s de subir al podio de los Juegos Ol\u00edmpicos Par\u00eds 2024, donde se alz\u00f3 con medalla de bronce.<\/p>\n<p class=\"paragraph\">Sin embargo, el mismo Pinales revel\u00f3 que hizo una pausa en el boxeo profesional para enfocarse en representar a su pa\u00eds (Rep\u00fablica Dominicana) en  los venideros juegos regionales.<\/p>\n<p class=\"paragraph\"><i><b>\u201cEl pa\u00eds est\u00e1 por encima de todo y he asumido el compromiso, no solo de representarlo, sino de conservar la medalla de oro de los 80 kilos\u201d, agreg\u00f3 el nativo de La Romana.<\/b><\/i><\/p>\n<p class=\"paragraph\">Se recuerda que Pinales puso a sonar el himno dominicano en la pasada edici\u00f3n de los Juegos Centroamericanos y del Caribe, celebrada  hace tres a\u00f1os (2023) en San Salvador.<\/p>\n<div class=\"c-detail__box \">\n<article class=\"c-detail__sumario \">\n<figure class=\"c-detail__sumario__thumb\" style=\"display: block;\">\n            <a href=\"#\" title=\"\">\n                <picture data-size=\"w:140,h:140\" loading=\"lazy\" src=\"https:\/\/imagenes.hoy.com.do\/files\/related_image\/uploads\/2026\/03\/31\/69cc5f6c9dd77.jpeg\" data-full-src=\"https:\/\/imagenes.hoy.com.do\/uploads\/2026\/03\/31\/69cc5f6c9dd77.jpeg\">\n                    <img loading=\"lazy\" decoding=\"async\" width=\"140\" height=\"140\" alt=\"Parte de los galardonados en La Romana\" src=\"https:\/\/imagenes.hoy.com.do\/uploads\/2026\/03\/31\/69cc5f6c9dd77.jpeg\"\/>\n                <\/picture>\n            <\/a><br \/>\n        <\/figure>\n<\/article>\n<\/div>\n<p class=\"paragraph\">Para lograr la presea dorada, Pinales tuvo que derrotar al cubano Arlen L\u00f3pez, doble campe\u00f3n ol\u00edmpico y mundial<\/p>\n<figure class=\"c-detail__media \"><figcaption class=\"c-detail__media__txt\">\n<p class=\"c-detail__media__subtitle\">\n<p>        <span class=\"c-detail__media__credit \">Cristian Pinales muestra una de sus m\u00faltiples medallas.<\/span><\/p>\n<\/figcaption><\/figure>\n<p class=\"paragraph\">\u201cYa me integr\u00e9 a los entrenamientos de la selecci\u00f3n nacional, recib\u00ed el permiso de mi promotora profesional y ahora todo mi esfuerzo est\u00e1 dirigido a representar a mi pa\u00eds con la misma dignidad de siempre\u201d, plante\u00f3 el medallista ol\u00edmpico.<\/p>\n<\/p><\/div>\n<div>\n        <strong class=\"c-author--detail__title\">Sobre el autor<\/strong><\/p>\n<div class=\"c-author\">\n<figure class=\"c-author__thumb\">\n                    <img decoding=\"async\" loading=\"lazy\" src=\"https:\/\/imagenes.hoy.com.do\/files\/image_160_160\/uploads\/2025\/12\/15\/693fcb65794ee.png\" alt=\"Primitivo Cadete\"\/><br \/>\n                <\/figure>\n<h2 class=\"c-author__description\">\n                <strong class=\"c-author__title\">Primitivo Cadete<\/strong><\/p>\n<nav class=\"c-author__share\">\n                                                                                                                                                                                <\/nav>\n<\/h2><\/div>\n<p>\n        Lic. en Comunicaci\u00f3n Social, con una especialidad en periodismo deportivo y un diplomado en \u00e9tica Period\u00edstica, m\u00e1s de 37 a\u00f1os de experiencia en cobertura de eventos nacionales e internacionales.\n    <\/p>\n<\/div>\n","protected":false},"excerpt":{"rendered":"<p>La participaci\u00f3n de Cristian Pinales en los Juegos Centroamericanos y del Caribe Santo Domingo 2026 estaba en \u201cveremos\u201d debido a su decisi\u00f3n de incursionar en el boxeo profesional, despu\u00e9s de subir al podio de los Juegos Ol\u00edmpicos Par\u00eds 2024, donde se alz\u00f3 con medalla de bronce. Sin embargo, el mismo Pinales revel\u00f3 que hizo una<\/p>\n","protected":false},"author":1,"featured_media":38318,"comment_status":"open","ping_status":"open","sticky":false,"template":"","format":"standard","meta":{"footnotes":""},"categories":[2],"tags":[],"class_list":["post-38317","post","type-post","status-publish","format-standard","has-post-thumbnail","hentry","category-deporte"],"_links":{"self":[{"href":"https:\/\/acronoticias.com\/index.php\/wp-json\/wp\/v2\/posts\/38317","targetHints":{"allow":["GET"]}}],"collection":[{"href":"https:\/\/acronoticias.com\/index.php\/wp-json\/wp\/v2\/posts"}],"about":[{"href":"https:\/\/acronoticias.com\/index.php\/wp-json\/wp\/v2\/types\/post"}],"author":[{"embeddable":true,"href":"https:\/\/acronoticias.com\/index.php\/wp-json\/wp\/v2\/users\/1"}],"replies":[{"embeddable":true,"href":"https:\/\/acronoticias.com\/index.php\/wp-json\/wp\/v2\/comments?post=38317"}],"version-history":[{"count":0,"href":"https:\/\/acronoticias.com\/index.php\/wp-json\/wp\/v2\/posts\/38317\/revisions"}],"wp:featuredmedia":[{"embeddable":true,"href":"https:\/\/acronoticias.com\/index.php\/wp-json\/wp\/v2\/media\/38318"}],"wp:attachment":[{"href":"https:\/\/acronoticias.com\/index.php\/wp-json\/wp\/v2\/media?parent=38317"}],"wp:term":[{"taxonomy":"category","embeddable":true,"href":"https:\/\/acronoticias.com\/index.php\/wp-json\/wp\/v2\/categories?post=38317"},{"taxonomy":"post_tag","embeddable":true,"href":"https:\/\/acronoticias.com\/index.php\/wp-json\/wp\/v2\/tags?post=38317"}],"curies":[{"name":"wp","href":"https:\/\/api.w.org\/{rel}","templated":true}]}}