{"id":38309,"date":"2026-05-01T05:16:22","date_gmt":"2026-05-01T05:16:22","guid":{"rendered":"https:\/\/acronoticias.com\/index.php\/2026\/05\/01\/joven-desaparecido-fue-captado-bajando-al-area-del-mar-autoridades-activan-busqueda\/"},"modified":"2026-05-01T05:16:22","modified_gmt":"2026-05-01T05:16:22","slug":"joven-desaparecido-fue-captado-bajando-al-area-del-mar-autoridades-activan-busqueda","status":"publish","type":"post","link":"https:\/\/acronoticias.com\/index.php\/2026\/05\/01\/joven-desaparecido-fue-captado-bajando-al-area-del-mar-autoridades-activan-busqueda\/","title":{"rendered":"Joven desaparecido fue captado bajando al \u00e1rea del mar; autoridades activan b\u00fasqueda"},"content":{"rendered":"<div data-td-block-uid=\"tdi_100\">\n<div class=\"tdb-block-inner td-fix-index\">\n<p><strong>SANTO DOMINGO.<\/strong>\u00a0\u2013 La Polic\u00eda Nacional, en coordinaci\u00f3n con la Armada de Rep\u00fablica Dominicana y el Cuerpo de Bomberos, activ\u00f3 un operativo de b\u00fasqueda en el litoral sur de la capital para localizar a David Fern\u00e1ndez, de 35 a\u00f1os, quien fue visto por \u00faltima vez ingresando a una zona de rocas frente al mar el pasado mi\u00e9rcoles.<\/p>\n<p>Diego Pesqueira, vocero de la Polic\u00eda Nacional, inform\u00f3 que los levantamientos realizados por la Direcci\u00f3n Central de Investigaci\u00f3n (DICRIM) y el Sistema de atenci\u00f3n a emergencias sit\u00faan a Fern\u00e1ndez en la avenida George Washington a las 3:04 de la tarde. Seg\u00fan las grabaciones, el hombre cruz\u00f3 la v\u00eda y descendi\u00f3 hacia una cueva pr\u00f3xima al agua.<\/p>\n<p>\u00abLas c\u00e1maras no lo ven salir. Todo indica que se habr\u00eda lanzado, pero no podemos hacer una afirmaci\u00f3n concreta hasta contar con las evidencias\u00bb, puntualiz\u00f3 Pesqueira. El vocero aclar\u00f3 que, aunque el rastro visual termina en el \u00e1rea del mar, las autoridades mantienen la esperanza de obtener una respuesta positiva.<\/p>\n<p>La familia de Fern\u00e1ndez hab\u00eda reportado previamente que el hombre padece de depresi\u00f3n y se encontraba bajo tratamiento m\u00e9dico, not\u00e1ndolo deca\u00eddo en los \u00faltimos d\u00edas. Por el momento, los parientes han solicitado discreci\u00f3n mientras avanzan las labores de rescate.<\/p>\n<p>El operativo de b\u00fasqueda se mantiene de manera extensa en toda la zona del Malec\u00f3n, coordinado por los organismos de socorro, quienes determinar\u00e1n la duraci\u00f3n de las maniobras seg\u00fan las condiciones del terreno y el clima.<\/p>\n<\/div>\n<\/div>\n","protected":false},"excerpt":{"rendered":"<p>SANTO DOMINGO.\u00a0\u2013 La Polic\u00eda Nacional, en coordinaci\u00f3n con la Armada de Rep\u00fablica Dominicana y el Cuerpo de Bomberos, activ\u00f3 un operativo de b\u00fasqueda en el litoral sur de la capital para localizar a David Fern\u00e1ndez, de 35 a\u00f1os, quien fue visto por \u00faltima vez ingresando a una zona de rocas frente al mar el pasado<\/p>\n","protected":false},"author":1,"featured_media":38310,"comment_status":"open","ping_status":"open","sticky":false,"template":"","format":"standard","meta":{"footnotes":""},"categories":[1],"tags":[],"class_list":["post-38309","post","type-post","status-publish","format-standard","has-post-thumbnail","hentry","category-nacionales"],"_links":{"self":[{"href":"https:\/\/acronoticias.com\/index.php\/wp-json\/wp\/v2\/posts\/38309","targetHints":{"allow":["GET"]}}],"collection":[{"href":"https:\/\/acronoticias.com\/index.php\/wp-json\/wp\/v2\/posts"}],"about":[{"href":"https:\/\/acronoticias.com\/index.php\/wp-json\/wp\/v2\/types\/post"}],"author":[{"embeddable":true,"href":"https:\/\/acronoticias.com\/index.php\/wp-json\/wp\/v2\/users\/1"}],"replies":[{"embeddable":true,"href":"https:\/\/acronoticias.com\/index.php\/wp-json\/wp\/v2\/comments?post=38309"}],"version-history":[{"count":0,"href":"https:\/\/acronoticias.com\/index.php\/wp-json\/wp\/v2\/posts\/38309\/revisions"}],"wp:featuredmedia":[{"embeddable":true,"href":"https:\/\/acronoticias.com\/index.php\/wp-json\/wp\/v2\/media\/38310"}],"wp:attachment":[{"href":"https:\/\/acronoticias.com\/index.php\/wp-json\/wp\/v2\/media?parent=38309"}],"wp:term":[{"taxonomy":"category","embeddable":true,"href":"https:\/\/acronoticias.com\/index.php\/wp-json\/wp\/v2\/categories?post=38309"},{"taxonomy":"post_tag","embeddable":true,"href":"https:\/\/acronoticias.com\/index.php\/wp-json\/wp\/v2\/tags?post=38309"}],"curies":[{"name":"wp","href":"https:\/\/api.w.org\/{rel}","templated":true}]}}