{"id":38305,"date":"2026-05-01T04:54:35","date_gmt":"2026-05-01T04:54:35","guid":{"rendered":"https:\/\/acronoticias.com\/index.php\/2026\/05\/01\/seis-paises-competiran-en-el-torneo-pesca-al-marlin-blanco\/"},"modified":"2026-05-01T04:54:35","modified_gmt":"2026-05-01T04:54:35","slug":"seis-paises-competiran-en-el-torneo-pesca-al-marlin-blanco","status":"publish","type":"post","link":"https:\/\/acronoticias.com\/index.php\/2026\/05\/01\/seis-paises-competiran-en-el-torneo-pesca-al-marlin-blanco\/","title":{"rendered":"Seis pa\u00edses competir\u00e1n en el Torneo Pesca al Marlin Blanco"},"content":{"rendered":"<div>\n<div class=\"c-detail__author full\">\n<div>\n<div class=\"c-detail__author__thumb\">\n<figure>\n                                <picture src=\"https:\/\/imagenes.hoy.com.do\/files\/image_square_xs\/uploads\/2025\/11\/10\/6911b3b5d935b.png\" data-size=\"w:40,h:40\">\n                                    <img decoding=\"async\" loading=\"lazy\" alt=\"Hoy .\" width=\"40\" height=\"40\" src=\"https:\/\/imagenes.hoy.com.do\/files\/image_square_xs\/uploads\/2025\/11\/10\/6911b3b5d935b.png\"\/>\n                                <\/picture>\n                                <\/figure>\n<\/div>\n<\/div>\n<\/div>\n<p>                                                                                            <!-- --><\/p>\n<p class=\"paragraph\"><b>Lanchas y pescadores de seis pa\u00edses<\/b> se har\u00e1n a la mar desde el  14 de este mes,  partiendo de la ensenada de <b>Cabeza de Toro y la Marina Cap Cana,<\/b> para la sexag\u00e9sima edici\u00f3n del Torneo Internacional de Pesca al Marlin Blanco, organizado por el Club N\u00e1utico de Santo Domingo con especial dedicatoria al socio Luis Viyella Caolo.<\/p>\n<p class=\"paragraph\">Los detalles de la justa fueron ofrecidos  en rueda de prensa celebrada en el Restaurant Odette, a la que asistieron socios, amigos y relacionados.<\/p>\n<p class=\"paragraph\">El director del certamen, John Adams y Danny Medina, miembro del Comit\u00e9 de Pesca, resaltaron que el cl\u00e1sico marino ser\u00e1 especialmente para la liberaci\u00f3n del Marlin Blanco, pero tambi\u00e9n ser\u00e1n premiadas las especies azul, vela y spearfish.<\/p>\n<p class=\"paragraph\">Para el mi\u00e9rcoles  13 est\u00e1 programada la ceremonia oficial de apertura, mientras que las lanchas participantes ir\u00e1n tras las especies desde el jueves 14 hasta el s\u00e1bado 16, tercera y \u00faltima fecha de hostilidades.<\/p>\n<p class=\"paragraph\">Durante el encuentro con los medios, el comodoro Jorge Leroux Matos dio la bienvenida y present\u00f3 la dedicatoria resaltando los aportes de Luis Viyella a lo largo de todos los a\u00f1os militando en el club.<\/p>\n<p class=\"paragraph\"><i><b>\u201cGracias a todos por acompa\u00f1arnos, gracias a los patrocinadores y muchas gracias a Luis por permitirnos dedicar esta importante edici\u00f3n a su persona. Sus aportes hacia nuestro club le hacen merecedor de toda distinci\u00f3n\u201d, resalt\u00f3 Leroux Matos. Adams y Medina expresaron que adem\u00e1s de los equipos ser\u00e1n premiadas las lanchas, pescadores individuales, dama destacada y juvenil con m\u00e1s liberaciones.<\/b><\/i><\/p>\n<div class=\"c-detail__box \">\n<article class=\"c-detail__sumario \">\n<figure class=\"c-detail__sumario__thumb\" style=\"display: block;\">\n            <a href=\"#\" title=\"\">\n                <picture data-size=\"w:140,h:140\" loading=\"lazy\" src=\"https:\/\/imagenes.hoy.com.do\/files\/related_image\/files\/fp\/uploads\/2026\/04\/29\/69f2a8dcb1e43.r_d.548-364.jpeg\" data-full-src=\"https:\/\/imagenes.hoy.com.do\/uploads\/2026\/04\/29\/69f2a8dcb1e43.jpeg\">\n                    <img loading=\"lazy\" decoding=\"async\" width=\"140\" height=\"140\" alt=\"El inmortal del Deporte Rolando Sebel\u00e9n.\" src=\"https:\/\/imagenes.hoy.com.do\/uploads\/2026\/04\/29\/69f2a8dcb1e43.jpeg\"\/>\n                <\/picture>\n            <\/a><br \/>\n        <\/figure>\n<\/article>\n<\/div>\n<p class=\"paragraph\">\u201cEsta importante edici\u00f3n tendr\u00e1 la participaci\u00f3n de unas 25 lanchas y alrededor de 100 pescadores provenientes de Puerto Rico, Venezuela, Estados Unidos, Islas V\u00edrgenes, Italia y el anfitri\u00f3n Rep\u00fablica Dominicana\u201d, agregaron.\u00a0\u00a0<\/p>\n<\/p><\/div>\n","protected":false},"excerpt":{"rendered":"<p>Lanchas y pescadores de seis pa\u00edses se har\u00e1n a la mar desde el 14 de este mes, partiendo de la ensenada de Cabeza de Toro y la Marina Cap Cana, para la sexag\u00e9sima edici\u00f3n del Torneo Internacional de Pesca al Marlin Blanco, organizado por el Club N\u00e1utico de Santo Domingo con especial dedicatoria al socio<\/p>\n","protected":false},"author":1,"featured_media":38306,"comment_status":"open","ping_status":"open","sticky":false,"template":"","format":"standard","meta":{"footnotes":""},"categories":[2],"tags":[],"class_list":["post-38305","post","type-post","status-publish","format-standard","has-post-thumbnail","hentry","category-deporte"],"_links":{"self":[{"href":"https:\/\/acronoticias.com\/index.php\/wp-json\/wp\/v2\/posts\/38305","targetHints":{"allow":["GET"]}}],"collection":[{"href":"https:\/\/acronoticias.com\/index.php\/wp-json\/wp\/v2\/posts"}],"about":[{"href":"https:\/\/acronoticias.com\/index.php\/wp-json\/wp\/v2\/types\/post"}],"author":[{"embeddable":true,"href":"https:\/\/acronoticias.com\/index.php\/wp-json\/wp\/v2\/users\/1"}],"replies":[{"embeddable":true,"href":"https:\/\/acronoticias.com\/index.php\/wp-json\/wp\/v2\/comments?post=38305"}],"version-history":[{"count":0,"href":"https:\/\/acronoticias.com\/index.php\/wp-json\/wp\/v2\/posts\/38305\/revisions"}],"wp:featuredmedia":[{"embeddable":true,"href":"https:\/\/acronoticias.com\/index.php\/wp-json\/wp\/v2\/media\/38306"}],"wp:attachment":[{"href":"https:\/\/acronoticias.com\/index.php\/wp-json\/wp\/v2\/media?parent=38305"}],"wp:term":[{"taxonomy":"category","embeddable":true,"href":"https:\/\/acronoticias.com\/index.php\/wp-json\/wp\/v2\/categories?post=38305"},{"taxonomy":"post_tag","embeddable":true,"href":"https:\/\/acronoticias.com\/index.php\/wp-json\/wp\/v2\/tags?post=38305"}],"curies":[{"name":"wp","href":"https:\/\/api.w.org\/{rel}","templated":true}]}}