{"id":38301,"date":"2026-05-01T04:32:17","date_gmt":"2026-05-01T04:32:17","guid":{"rendered":"https:\/\/acronoticias.com\/index.php\/2026\/05\/01\/vuelo-directo-venezuela-miami-regreso-tras-7-anos\/"},"modified":"2026-05-01T04:32:17","modified_gmt":"2026-05-01T04:32:17","slug":"vuelo-directo-venezuela-miami-regreso-tras-7-anos","status":"publish","type":"post","link":"https:\/\/acronoticias.com\/index.php\/2026\/05\/01\/vuelo-directo-venezuela-miami-regreso-tras-7-anos\/","title":{"rendered":"Vuelo directo Venezuela-Miami: regreso tras 7 a\u00f1os"},"content":{"rendered":"<div id=\"nota-texto\">\n<p><strong>Miami (EE.UU.)<\/strong>.- El primer vuelo comercial directo procedente de <strong>Venezuela<\/strong> en siete a\u00f1os aterriz\u00f3 este jueves en el <strong>Aeropuerto Internacional de Miami<\/strong>, completando as\u00ed la reanudaci\u00f3n de esta ruta, que fue abierta horas antes cuando el mismo avi\u00f3n de <strong>American Airlines<\/strong> parti\u00f3 de <strong>Estados Unidos<\/strong> hacia <strong>Caracas<\/strong>.<\/p>\n<p>El vuelo despeg\u00f3 de la capital venezolana a las 14:59, hora local (18:59 GMT), y aterriz\u00f3 a las 18:03, hora local (22:03 GMT), en el aeropuerto de <strong>Miami<\/strong>, despu\u00e9s de poco m\u00e1s de tres horas de trayecto.<\/p>\n<p>Horas antes, el mismo aparato hab\u00eda despegado de <strong>Miami<\/strong> con direcci\u00f3n a <strong>Caracas<\/strong> a las 10:11, hora local (14:11 <strong>GMT<\/strong>).<\/p>\n<p>La ruta tendr\u00e1 una frecuencia diaria entre ambos aeropuertos hasta el 20 de mayo y aumentar\u00e1 a dos vuelos al d\u00eda desde el 21 de mayo, seg\u00fan inform\u00f3 la aerol\u00ednea estadounidense.<\/p>\n<p>El ambiente en el <strong>Aeropuerto Internacional de Miami<\/strong> para recibir a los pasajeros procedentes de <strong>Venezuela<\/strong> fue menos festivo que por la ma\u00f1ana, cuando se repartieron teque\u00f1os y hubo globos amarillos, azules y rojos con la bandera del pa\u00eds suramericano.<\/p>\n<p>En el primer vuelo hacia <strong>Caracas<\/strong> viaj\u00f3 una delegaci\u00f3n de la <strong>Casa Blanca<\/strong>, junto a empresarios estadounidenses, para trabajar en acuerdos econ\u00f3micos y de cooperaci\u00f3n en las \u00e1reas de energ\u00eda, petr\u00f3leo y gas.<\/p>\n<p>Sin embargo, el costo ha sido uno de los primeros filtros, as\u00ed como las restricciones de visas del gobierno estadounidense para los venezolanos y la ausencia de representaci\u00f3n consular venezolana en <strong>Estados Unidos<\/strong>, que han dejado a muchos venezolanos sin los documentos migratorios para ingresar a ambos pa\u00edses.<\/p>\n<p>Las b\u00fasquedas recientes en el sitio de internet de <strong>American Airlines<\/strong> muestran pasajes de ida y vuelta para finales de abril por encima de 2.700 d\u00f3lares, mientras que para mayo bajaban a poco m\u00e1s de 1.000 d\u00f3lares.<\/p>\n<p>Los vuelos comerciales directos entre ambos pa\u00edses fueron suspendidos en 2019, en medio de las tensiones entre los gobiernos del entonces presidente venezolano, <strong>Nicol\u00e1s Maduro<\/strong>, y su hom\u00f3logo estadounidense, <strong>Donald Trump<\/strong>, quien estaba en su primer mandato (2017-2021).<\/p>\n<p>Pero el propio <strong>Trump<\/strong> levant\u00f3 el veto este a\u00f1o, despu\u00e9s de que <strong>Washington<\/strong> y <strong>Caracas<\/strong> acercaran posiciones tras la captura del depuesto presidente <strong>Nicol\u00e1s Maduro<\/strong> por militares estadounidenses el pasado 3 de enero, y lo sustituyera como presidenta encargada la entonces vicepresidenta, <strong>Delcy Rodr\u00edguez<\/strong>.<\/p>\n<p>El restablecimiento de las relaciones tambi\u00e9n impuls\u00f3 la reapertura de la embajada de <strong>EE. UU.<\/strong> en <strong>Caracas<\/strong> el pasado 30 de marzo.<\/p>\n<p><strong>American Airlines<\/strong> recibi\u00f3 el pasado marzo la autorizaci\u00f3n del Gobierno estadounidense para reiniciar los vuelos, que conectan <strong>Caracas<\/strong> con <strong>Miami<\/strong>, donde se encuentra la mayor di\u00e1spora venezolana en <strong>Estados Unidos<\/strong>.<\/p>\n<p>No obstante, el <strong>Departamento de Estado<\/strong> de <strong>EE. UU.<\/strong> mantiene en nivel 3 la alerta para los estadounidenses que deseen viajar a <strong>Venezuela<\/strong>, a los que pide \u00abreconsiderar viajar a <strong>Venezuela<\/strong>\u00bb por el riesgo de \u00abcrimen, secuestro, terrorismo y una infraestructura de salud deficiente\u00bb.<\/p>\n<\/div>\n","protected":false},"excerpt":{"rendered":"<p>Miami (EE.UU.).- El primer vuelo comercial directo procedente de Venezuela en siete a\u00f1os aterriz\u00f3 este jueves en el Aeropuerto Internacional de Miami, completando as\u00ed la reanudaci\u00f3n de esta ruta, que fue abierta horas antes cuando el mismo avi\u00f3n de American Airlines parti\u00f3 de Estados Unidos hacia Caracas. El vuelo despeg\u00f3 de la capital venezolana a<\/p>\n","protected":false},"author":1,"featured_media":38302,"comment_status":"open","ping_status":"open","sticky":false,"template":"","format":"standard","meta":{"footnotes":""},"categories":[3],"tags":[],"class_list":["post-38301","post","type-post","status-publish","format-standard","has-post-thumbnail","hentry","category-internacionales"],"_links":{"self":[{"href":"https:\/\/acronoticias.com\/index.php\/wp-json\/wp\/v2\/posts\/38301","targetHints":{"allow":["GET"]}}],"collection":[{"href":"https:\/\/acronoticias.com\/index.php\/wp-json\/wp\/v2\/posts"}],"about":[{"href":"https:\/\/acronoticias.com\/index.php\/wp-json\/wp\/v2\/types\/post"}],"author":[{"embeddable":true,"href":"https:\/\/acronoticias.com\/index.php\/wp-json\/wp\/v2\/users\/1"}],"replies":[{"embeddable":true,"href":"https:\/\/acronoticias.com\/index.php\/wp-json\/wp\/v2\/comments?post=38301"}],"version-history":[{"count":0,"href":"https:\/\/acronoticias.com\/index.php\/wp-json\/wp\/v2\/posts\/38301\/revisions"}],"wp:featuredmedia":[{"embeddable":true,"href":"https:\/\/acronoticias.com\/index.php\/wp-json\/wp\/v2\/media\/38302"}],"wp:attachment":[{"href":"https:\/\/acronoticias.com\/index.php\/wp-json\/wp\/v2\/media?parent=38301"}],"wp:term":[{"taxonomy":"category","embeddable":true,"href":"https:\/\/acronoticias.com\/index.php\/wp-json\/wp\/v2\/categories?post=38301"},{"taxonomy":"post_tag","embeddable":true,"href":"https:\/\/acronoticias.com\/index.php\/wp-json\/wp\/v2\/tags?post=38301"}],"curies":[{"name":"wp","href":"https:\/\/api.w.org\/{rel}","templated":true}]}}