{"id":38299,"date":"2026-05-01T04:27:52","date_gmt":"2026-05-01T04:27:52","guid":{"rendered":"https:\/\/acronoticias.com\/index.php\/2026\/05\/01\/ceo-de-ferries-del-caribe-y-su-piloto-resultan-ilesos-tras-incidente-aereo-en-cumayasa\/"},"modified":"2026-05-01T04:27:52","modified_gmt":"2026-05-01T04:27:52","slug":"ceo-de-ferries-del-caribe-y-su-piloto-resultan-ilesos-tras-incidente-aereo-en-cumayasa","status":"publish","type":"post","link":"https:\/\/acronoticias.com\/index.php\/2026\/05\/01\/ceo-de-ferries-del-caribe-y-su-piloto-resultan-ilesos-tras-incidente-aereo-en-cumayasa\/","title":{"rendered":"CEO de Ferries del Caribe y su piloto resultan ilesos tras incidente a\u00e9reo en Cumayasa"},"content":{"rendered":"<div data-td-block-uid=\"tdi_100\">\n<div class=\"tdb-block-inner td-fix-index\">\n<p>Santo Domingo.\u2013 El d\u00eda de ayer, el CEO de Ferries del Caribe, N\u00e9stor Gonz\u00e1lez, y su piloto, Alexander Santiago, salieron del Aeropuerto Internacional de Las Am\u00e9ricas a bordo de una aeronave privada, la cual minutos despu\u00e9s se precipit\u00f3 a tierra en las inmediaciones del municipio de Cumayasa, perteneciente a La Caleta.<\/p>\n<p>A pesar del incidente, ambos ocupantes resultaron ilesos y se encuentran en buen estado de salud, acompa\u00f1ados de sus familiares, agradecidos por lo que describen como una nueva oportunidad de vida.<\/p>\n<p>El se\u00f1or Gonz\u00e1lez expres\u00f3 su profundo agradecimiento a todas las personas allegadas, amigos y colaboradores que mostraron preocupaci\u00f3n y brindaron apoyo durante el proceso. De igual manera, destac\u00f3 el respaldo recibido por parte de la Fuerza A\u00e9rea de Rep\u00fablica Dominicana, as\u00ed como de los se\u00f1ores V\u00edctor Pichardo y Miguel Suero, adem\u00e1s de la empresa Central Romana, por la asistencia brindada en todo momento. <\/p>\n<p>La empresa reiter\u00f3 que tanto Gonz\u00e1lez como su piloto se encuentran estables y en recuperaci\u00f3n, reafirmando su fe y fortaleza tras lo ocurrido.<\/p>\n<p>\u201cSeguimos firmes, con m\u00e1s fortaleza y mayor fe en Dios\u201d, concluye el comunicado.<\/p>\n<\/div>\n<\/div>\n","protected":false},"excerpt":{"rendered":"<p>Santo Domingo.\u2013 El d\u00eda de ayer, el CEO de Ferries del Caribe, N\u00e9stor Gonz\u00e1lez, y su piloto, Alexander Santiago, salieron del Aeropuerto Internacional de Las Am\u00e9ricas a bordo de una aeronave privada, la cual minutos despu\u00e9s se precipit\u00f3 a tierra en las inmediaciones del municipio de Cumayasa, perteneciente a La Caleta. A pesar del incidente,<\/p>\n","protected":false},"author":1,"featured_media":38300,"comment_status":"open","ping_status":"open","sticky":false,"template":"","format":"standard","meta":{"footnotes":""},"categories":[1],"tags":[],"class_list":["post-38299","post","type-post","status-publish","format-standard","has-post-thumbnail","hentry","category-nacionales"],"_links":{"self":[{"href":"https:\/\/acronoticias.com\/index.php\/wp-json\/wp\/v2\/posts\/38299","targetHints":{"allow":["GET"]}}],"collection":[{"href":"https:\/\/acronoticias.com\/index.php\/wp-json\/wp\/v2\/posts"}],"about":[{"href":"https:\/\/acronoticias.com\/index.php\/wp-json\/wp\/v2\/types\/post"}],"author":[{"embeddable":true,"href":"https:\/\/acronoticias.com\/index.php\/wp-json\/wp\/v2\/users\/1"}],"replies":[{"embeddable":true,"href":"https:\/\/acronoticias.com\/index.php\/wp-json\/wp\/v2\/comments?post=38299"}],"version-history":[{"count":0,"href":"https:\/\/acronoticias.com\/index.php\/wp-json\/wp\/v2\/posts\/38299\/revisions"}],"wp:featuredmedia":[{"embeddable":true,"href":"https:\/\/acronoticias.com\/index.php\/wp-json\/wp\/v2\/media\/38300"}],"wp:attachment":[{"href":"https:\/\/acronoticias.com\/index.php\/wp-json\/wp\/v2\/media?parent=38299"}],"wp:term":[{"taxonomy":"category","embeddable":true,"href":"https:\/\/acronoticias.com\/index.php\/wp-json\/wp\/v2\/categories?post=38299"},{"taxonomy":"post_tag","embeddable":true,"href":"https:\/\/acronoticias.com\/index.php\/wp-json\/wp\/v2\/tags?post=38299"}],"curies":[{"name":"wp","href":"https:\/\/api.w.org\/{rel}","templated":true}]}}