{"id":38297,"date":"2026-05-01T04:11:39","date_gmt":"2026-05-01T04:11:39","guid":{"rendered":"https:\/\/acronoticias.com\/index.php\/2026\/05\/01\/incendio-consume-fabrica-de-plasticos-y-alarma-a-alma-rosa-ii\/"},"modified":"2026-05-01T04:11:39","modified_gmt":"2026-05-01T04:11:39","slug":"incendio-consume-fabrica-de-plasticos-y-alarma-a-alma-rosa-ii","status":"publish","type":"post","link":"https:\/\/acronoticias.com\/index.php\/2026\/05\/01\/incendio-consume-fabrica-de-plasticos-y-alarma-a-alma-rosa-ii\/","title":{"rendered":"Incendio consume f\u00e1brica de pl\u00e1sticos y alarma a Alma Rosa II"},"content":{"rendered":"<div data-td-block-uid=\"tdi_100\">\n<div class=\"tdb-block-inner td-fix-index\">\n<p><strong>SANTO DOMINGO EST<\/strong>E.\u2013 Un incendio en una f\u00e1brica de pl\u00e1sticos detr\u00e1s de una envasadora de gas desat\u00f3 tensi\u00f3n este jueves en Alma Rosa II. M\u00e1s de 85 bomberos y brigadas de la Defensa Civil trabajan para sofocar las llamas, que se propagaron en \u00e1reas con materiales altamente inflamables.<\/p>\n<p>Los empleados fueron evacuados y no se reportan v\u00edctimas, pero el fuego, confinado en un 50%, mantiene en vilo a los residentes. La cercan\u00eda de la planta a dep\u00f3sitos de gas elev\u00f3 la preocupaci\u00f3n comunitaria mientras las autoridades acordonan la zona y buscan evitar que el siniestro se expanda.<\/p>\n<figure class=\"wp-block-embed is-type-rich is-provider-twitter wp-block-embed-twitter\">\n<div class=\"wp-block-embed__wrapper\">\n<div class=\"embed-twitter\">\n<blockquote class=\"twitter-tweet\" data-width=\"550\" data-dnt=\"true\">\n<p lang=\"es\" dir=\"ltr\">Un incendio en una f\u00e1brica de pl\u00e1sticos detr\u00e1s de una envasadora de gas desat\u00f3 tensi\u00f3n este jueves en Alma Rosa II. M\u00e1s de 85 bomberos y brigadas de la Defensa Civil trabajan para sofocar las llamas, que se propagaron en \u00e1reas con materiales altamente inflamables.\u2026 <a href=\"https:\/\/t.co\/rM5BGyR0av\">pic.twitter.com\/rM5BGyR0av<\/a><\/p>\n<p>\u2014 Noticias RNN (@NoticiasRNN) <a href=\"https:\/\/twitter.com\/NoticiasRNN\/status\/2049976530395144243?ref_src=twsrc%5Etfw\">April 30, 2026<\/a><\/p><\/blockquote>\n<\/div>\n<\/div>\n<\/figure>\n<\/div>\n<\/div>\n<p><script async src=\"\/\/platform.twitter.com\/widgets.js\" charset=\"utf-8\"><\/script><\/p>\n","protected":false},"excerpt":{"rendered":"<p>SANTO DOMINGO ESTE.\u2013 Un incendio en una f\u00e1brica de pl\u00e1sticos detr\u00e1s de una envasadora de gas desat\u00f3 tensi\u00f3n este jueves en Alma Rosa II. M\u00e1s de 85 bomberos y brigadas de la Defensa Civil trabajan para sofocar las llamas, que se propagaron en \u00e1reas con materiales altamente inflamables. Los empleados fueron evacuados y no se<\/p>\n","protected":false},"author":1,"featured_media":38298,"comment_status":"open","ping_status":"open","sticky":false,"template":"","format":"standard","meta":{"footnotes":""},"categories":[1],"tags":[],"class_list":["post-38297","post","type-post","status-publish","format-standard","has-post-thumbnail","hentry","category-nacionales"],"_links":{"self":[{"href":"https:\/\/acronoticias.com\/index.php\/wp-json\/wp\/v2\/posts\/38297","targetHints":{"allow":["GET"]}}],"collection":[{"href":"https:\/\/acronoticias.com\/index.php\/wp-json\/wp\/v2\/posts"}],"about":[{"href":"https:\/\/acronoticias.com\/index.php\/wp-json\/wp\/v2\/types\/post"}],"author":[{"embeddable":true,"href":"https:\/\/acronoticias.com\/index.php\/wp-json\/wp\/v2\/users\/1"}],"replies":[{"embeddable":true,"href":"https:\/\/acronoticias.com\/index.php\/wp-json\/wp\/v2\/comments?post=38297"}],"version-history":[{"count":0,"href":"https:\/\/acronoticias.com\/index.php\/wp-json\/wp\/v2\/posts\/38297\/revisions"}],"wp:featuredmedia":[{"embeddable":true,"href":"https:\/\/acronoticias.com\/index.php\/wp-json\/wp\/v2\/media\/38298"}],"wp:attachment":[{"href":"https:\/\/acronoticias.com\/index.php\/wp-json\/wp\/v2\/media?parent=38297"}],"wp:term":[{"taxonomy":"category","embeddable":true,"href":"https:\/\/acronoticias.com\/index.php\/wp-json\/wp\/v2\/categories?post=38297"},{"taxonomy":"post_tag","embeddable":true,"href":"https:\/\/acronoticias.com\/index.php\/wp-json\/wp\/v2\/tags?post=38297"}],"curies":[{"name":"wp","href":"https:\/\/api.w.org\/{rel}","templated":true}]}}