{"id":38291,"date":"2026-05-01T03:37:41","date_gmt":"2026-05-01T03:37:41","guid":{"rendered":"https:\/\/acronoticias.com\/index.php\/2026\/05\/01\/coe-coloca-en-rojo-a-montecristi-puerto-plata-santiago-y-valverde-por-lluvias\/"},"modified":"2026-05-01T03:37:41","modified_gmt":"2026-05-01T03:37:41","slug":"coe-coloca-en-rojo-a-montecristi-puerto-plata-santiago-y-valverde-por-lluvias","status":"publish","type":"post","link":"https:\/\/acronoticias.com\/index.php\/2026\/05\/01\/coe-coloca-en-rojo-a-montecristi-puerto-plata-santiago-y-valverde-por-lluvias\/","title":{"rendered":"COE coloca en rojo a Montecristi, Puerto Plata, Santiago y Valverde por lluvias"},"content":{"rendered":"<div data-td-block-uid=\"tdi_100\">\n<div class=\"tdb-block-inner td-fix-index\">\n<p><strong>SANTO DOMINGO.\u2013<\/strong> El Centro de Operaciones de Emergencias (COE) inform\u00f3 este jueves que mantiene y eleva los niveles de alerta en 26 provincias y el Distrito Nacional ante las lluvias intensas provocadas por una vaguada.\u00a0<\/p>\n<p>En alerta roja est\u00e1n Monte Cristi, Puerto Plata, Santiago y Valverde. En alerta amarilla figuran Espaillat, Hermanas Mirabal, Mar\u00eda Trinidad S\u00e1nchez, Duarte, Saman\u00e1, S\u00e1nchez Ram\u00edrez, Monte Plata, Hato Mayor, El Seibo, San Pedro de Macor\u00eds, Santo Domingo, Distrito Nacional, San Crist\u00f3bal, Monse\u00f1or Nouel, La Vega y Santiago Rodr\u00edguez. En alerta verde se encuentran Dajab\u00f3n, San Juan, Peravia, La Romana, La Altagracia y Saman\u00e1.\u00a0<\/p>\n<p>El organismo advirti\u00f3 que las precipitaciones podr\u00edan intensificarse durante la tarde y la noche, con aguaceros fuertes, tormentas el\u00e9ctricas y r\u00e1fagas de viento en varias zonas del pa\u00eds. Las alertas responden al riesgo de inundaciones urbanas y rurales, crecidas de r\u00edos, arroyos y ca\u00f1adas, as\u00ed como deslizamientos de tierra.\u00a0<\/p>\n<p>El COE exhort\u00f3 a la poblaci\u00f3n a no cruzar r\u00edos ni ca\u00f1adas con alto volumen de agua y a evitar el uso de balnearios en las provincias bajo alerta. Record\u00f3 adem\u00e1s que se mantiene la prohibici\u00f3n de acceso al r\u00edo Nizao, debido a la regulaci\u00f3n de la presa de Valdesia.\u00a0<\/p>\n<p>Las autoridades llamaron a los conductores a extremar precauciones por la reducci\u00f3n de visibilidad en las v\u00edas y a los padres a mantener vigilancia sobre los menores para prevenir incidentes.\u00a0<\/p>\n<\/div>\n<\/div>\n","protected":false},"excerpt":{"rendered":"<p>SANTO DOMINGO.\u2013 El Centro de Operaciones de Emergencias (COE) inform\u00f3 este jueves que mantiene y eleva los niveles de alerta en 26 provincias y el Distrito Nacional ante las lluvias intensas provocadas por una vaguada.\u00a0 En alerta roja est\u00e1n Monte Cristi, Puerto Plata, Santiago y Valverde. En alerta amarilla figuran Espaillat, Hermanas Mirabal, Mar\u00eda Trinidad<\/p>\n","protected":false},"author":1,"featured_media":38292,"comment_status":"open","ping_status":"open","sticky":false,"template":"","format":"standard","meta":{"footnotes":""},"categories":[1],"tags":[],"class_list":["post-38291","post","type-post","status-publish","format-standard","has-post-thumbnail","hentry","category-nacionales"],"_links":{"self":[{"href":"https:\/\/acronoticias.com\/index.php\/wp-json\/wp\/v2\/posts\/38291","targetHints":{"allow":["GET"]}}],"collection":[{"href":"https:\/\/acronoticias.com\/index.php\/wp-json\/wp\/v2\/posts"}],"about":[{"href":"https:\/\/acronoticias.com\/index.php\/wp-json\/wp\/v2\/types\/post"}],"author":[{"embeddable":true,"href":"https:\/\/acronoticias.com\/index.php\/wp-json\/wp\/v2\/users\/1"}],"replies":[{"embeddable":true,"href":"https:\/\/acronoticias.com\/index.php\/wp-json\/wp\/v2\/comments?post=38291"}],"version-history":[{"count":0,"href":"https:\/\/acronoticias.com\/index.php\/wp-json\/wp\/v2\/posts\/38291\/revisions"}],"wp:featuredmedia":[{"embeddable":true,"href":"https:\/\/acronoticias.com\/index.php\/wp-json\/wp\/v2\/media\/38292"}],"wp:attachment":[{"href":"https:\/\/acronoticias.com\/index.php\/wp-json\/wp\/v2\/media?parent=38291"}],"wp:term":[{"taxonomy":"category","embeddable":true,"href":"https:\/\/acronoticias.com\/index.php\/wp-json\/wp\/v2\/categories?post=38291"},{"taxonomy":"post_tag","embeddable":true,"href":"https:\/\/acronoticias.com\/index.php\/wp-json\/wp\/v2\/tags?post=38291"}],"curies":[{"name":"wp","href":"https:\/\/api.w.org\/{rel}","templated":true}]}}