{"id":38281,"date":"2026-05-01T02:49:55","date_gmt":"2026-05-01T02:49:55","guid":{"rendered":"https:\/\/acronoticias.com\/index.php\/2026\/05\/01\/minerd-mantiene-suspension-de-docencia-para-montecristi-santiago-rodriguez-puerto-plata-y-valverde-por-alerta-roja\/"},"modified":"2026-05-01T02:49:55","modified_gmt":"2026-05-01T02:49:55","slug":"minerd-mantiene-suspension-de-docencia-para-montecristi-santiago-rodriguez-puerto-plata-y-valverde-por-alerta-roja","status":"publish","type":"post","link":"https:\/\/acronoticias.com\/index.php\/2026\/05\/01\/minerd-mantiene-suspension-de-docencia-para-montecristi-santiago-rodriguez-puerto-plata-y-valverde-por-alerta-roja\/","title":{"rendered":"MINERD mantiene suspensi\u00f3n de docencia para Montecristi, Santiago Rodr\u00edguez, Puerto Plata y Valverde por alerta roja"},"content":{"rendered":"<div data-td-block-uid=\"tdi_100\">\n<div class=\"tdb-block-inner td-fix-index\">\n<p><strong>SANTO DOMINGO.<\/strong>\u00a0\u2013 El Ministerio de Educaci\u00f3n (MINERD) ratific\u00f3 la suspensi\u00f3n de las clases para este viernes en Montecristi, Puerto Plata, Santiago Rodr\u00edguez y Valverde. <\/p>\n<p>La medida responde a la alerta roja emitida por el Centro de Operaciones de Emergencias (COE) ante el impacto de las lluvias en la regi\u00f3n noroeste y norte del pa\u00eds.<\/p>\n<p>La instituci\u00f3n otorg\u00f3 potestad a los directores regionales y distritales de las provincias en alerta amarilla para suspender la docencia de manera focalizada en zonas vulnerables, dependiendo de la evoluci\u00f3n del clima en sus demarcaciones.\u00a0<\/p>\n<p>El organismo educativo instruy\u00f3 a los directivos de los planteles a evaluar continuamente los riesgos y priorizar la seguridad de la comunidad escolar. <\/p>\n<p>Asimismo, inst\u00f3 a los padres y personal administrativo a permanecer atentos a los boletines oficiales de Protecci\u00f3n Civil.\u00a0<\/p>\n<p>Actualmente, el COE mantiene el m\u00e1ximo nivel de riesgo en las cuatro provincias mencionadas debido a la saturaci\u00f3n de los suelos y la inminencia de inundaciones, mientras que otras demarcaciones permanecen bajo vigilancia moderada (amarilla) y preventiva (verde).<\/p>\n<\/div>\n<\/div>\n","protected":false},"excerpt":{"rendered":"<p>SANTO DOMINGO.\u00a0\u2013 El Ministerio de Educaci\u00f3n (MINERD) ratific\u00f3 la suspensi\u00f3n de las clases para este viernes en Montecristi, Puerto Plata, Santiago Rodr\u00edguez y Valverde. La medida responde a la alerta roja emitida por el Centro de Operaciones de Emergencias (COE) ante el impacto de las lluvias en la regi\u00f3n noroeste y norte del pa\u00eds. La<\/p>\n","protected":false},"author":1,"featured_media":38282,"comment_status":"open","ping_status":"open","sticky":false,"template":"","format":"standard","meta":{"footnotes":""},"categories":[1],"tags":[],"class_list":["post-38281","post","type-post","status-publish","format-standard","has-post-thumbnail","hentry","category-nacionales"],"_links":{"self":[{"href":"https:\/\/acronoticias.com\/index.php\/wp-json\/wp\/v2\/posts\/38281","targetHints":{"allow":["GET"]}}],"collection":[{"href":"https:\/\/acronoticias.com\/index.php\/wp-json\/wp\/v2\/posts"}],"about":[{"href":"https:\/\/acronoticias.com\/index.php\/wp-json\/wp\/v2\/types\/post"}],"author":[{"embeddable":true,"href":"https:\/\/acronoticias.com\/index.php\/wp-json\/wp\/v2\/users\/1"}],"replies":[{"embeddable":true,"href":"https:\/\/acronoticias.com\/index.php\/wp-json\/wp\/v2\/comments?post=38281"}],"version-history":[{"count":0,"href":"https:\/\/acronoticias.com\/index.php\/wp-json\/wp\/v2\/posts\/38281\/revisions"}],"wp:featuredmedia":[{"embeddable":true,"href":"https:\/\/acronoticias.com\/index.php\/wp-json\/wp\/v2\/media\/38282"}],"wp:attachment":[{"href":"https:\/\/acronoticias.com\/index.php\/wp-json\/wp\/v2\/media?parent=38281"}],"wp:term":[{"taxonomy":"category","embeddable":true,"href":"https:\/\/acronoticias.com\/index.php\/wp-json\/wp\/v2\/categories?post=38281"},{"taxonomy":"post_tag","embeddable":true,"href":"https:\/\/acronoticias.com\/index.php\/wp-json\/wp\/v2\/tags?post=38281"}],"curies":[{"name":"wp","href":"https:\/\/api.w.org\/{rel}","templated":true}]}}