{"id":38269,"date":"2026-05-01T01:43:16","date_gmt":"2026-05-01T01:43:16","guid":{"rendered":"https:\/\/acronoticias.com\/index.php\/2026\/05\/01\/museo-nacional-de-historia-y-geografia-reabre-renovado\/"},"modified":"2026-05-01T01:43:16","modified_gmt":"2026-05-01T01:43:16","slug":"museo-nacional-de-historia-y-geografia-reabre-renovado","status":"publish","type":"post","link":"https:\/\/acronoticias.com\/index.php\/2026\/05\/01\/museo-nacional-de-historia-y-geografia-reabre-renovado\/","title":{"rendered":"Museo Nacional de Historia y Geograf\u00eda reabre renovado"},"content":{"rendered":"<div id=\"nota-texto\">\n<p>El <em>Museo Nacional de Historia y Geograf\u00eda (MNHG)<\/em>, de la <em>Plaza de la Cultura<\/em> <strong>Juan Pablo Duarte<\/strong>, reabri\u00f3 sus puertas el 28 de abril de 2026, despu\u00e9s de un exhaustivo proceso de remozamiento estructural y restauraci\u00f3n museogr\u00e1fica que fortaleci\u00f3 su oferta cultural y preserv\u00f3 integralmente su valioso patrimonio hist\u00f3rico.<\/p>\n<p>Fundado e inaugurado el 1 de marzo de 1982 por el entonces presidente <strong>Antonio Guzm\u00e1n Fern\u00e1ndez<\/strong>, el <strong>museo<\/strong> ocupa el edificio que funcion\u00f3 como el antiguo Liceo Uni\u00f3n Panamericana desde 1964. A lo largo de las d\u00e9cadas, el MNHG se ha consolidado como uno de los principales espacios dedicados a la conservaci\u00f3n, investigaci\u00f3n y difusi\u00f3n de la memoria hist\u00f3rica dominicana.<\/p>\n<blockquote class=\"wp-block-quote is-layout-flow wp-block-quote-is-layout-flow\">\n<p>El <strong>museo <\/strong>permaneci\u00f3 abierto durante varios a\u00f1os hasta que cerr\u00f3 sus puertas entre 2005 y 2020. Durante este per\u00edodo, la edificaci\u00f3n fue renovada, pero la manipulaci\u00f3n de las piezas museogr\u00e1ficas, tanto dentro como fuera del edificio, caus\u00f3 da\u00f1os considerables a la colecci\u00f3n.<\/p>\n<\/blockquote>\n<ul class=\"wp-block-list\">\n<li>En 2022, se realiz\u00f3 una reapertura parcial, con tres salas abiertas y unas treinta piezas restauradas. Sin embargo, las condiciones clim\u00e1ticas adversas y las filtraciones, junto con las aberturas en los galpones, continuaron afectando tanto la estructura como la conservaci\u00f3n de las piezas.<\/li>\n<\/ul>\n<p>Ante esta situaci\u00f3n, en junio de 2025, el <strong>museo <\/strong>cerr\u00f3 nuevamente las salas de exposici\u00f3n para llevar a cabo un proceso integral que incluy\u00f3 la impermeabilizaci\u00f3n de techos, paredes y ductos, el cierre de aberturas en los galpones, la instalaci\u00f3n de un sistema de drenaje exterior e interior, as\u00ed como la implementaci\u00f3n de un sistema de aire acondicionado central.<\/p>\n<ul class=\"wp-block-list\">\n<li>Al mismo tiempo, se restauraron diversas piezas patrimoniales.<\/li>\n<\/ul>\n<p>Durante este proceso, permanecieron abiertos el Sal\u00f3n de Conferencias Vetilio Alfau Dur\u00e1n y la Biblioteca <strong>Rodr\u00edguez Demorizi<\/strong>, ambos reinaugurados en 2024, adem\u00e1s del vest\u00edbulo y una sala destinada a eventos y exposiciones temporales.<\/p>\n<p>Con la reapertura oficial, el museo presenta una edificaci\u00f3n completamente renovada y rebautizada con el nombre de <strong>Emilio Cordero Michel<\/strong>, en honor a uno de los m\u00e1s grandes historiadores dominicanos.<\/p>\n<blockquote class=\"wp-block-quote is-layout-flow wp-block-quote-is-layout-flow\">\n<p>La nueva propuesta museogr\u00e1fica incluye el nuevo vest\u00edbulo, la Sala de la Patria y de los Presidentes remozada, la ampliaci\u00f3n de la <strong>Sala de la Era de Trujillo<\/strong>, la restauraci\u00f3n de 528 piezas patrimoniales, as\u00ed como nuevas salas dedicadas a la guerra de Abril y a la guerrilla de Caama\u00f1o.<\/p>\n<\/blockquote>\n<p>El museo tambi\u00e9n presenta el nuevo Jard\u00edn de Hostos y tres exposiciones temporales: <em>\u201cHermanas Mirabal\u201d<\/em>, <em>\u201c\u00c1frica en el Caribe\u201d<\/em> y <em>\u201cLos cuatro elementos\u201d<\/em>. Adem\u00e1s, se han lanzado publicaciones sobre <strong>Emilio Cordero Michel<\/strong>, las conferencias del museo y brochures informativos.<\/p>\n<figure class=\"wp-block-image size-full\"><img fetchpriority=\"high\" decoding=\"async\" width=\"648\" height=\"322\" src=\"https:\/\/multimedia.noticiassin.com\/wp-content\/uploads\/2026\/04\/museo-nacional-de-historia-y-geografia-con-renovadas-salas-y-nueva-propuesta-mus-20260501-013949-WUhF.jpeg\" alt=\"\" class=\"wp-image-1989685 lazy\" srcset=\"https:\/\/multimedia.noticiassin.com\/wp-content\/uploads\/2026\/04\/museo-nacional-de-historia-y-geografia-con-renovadas-salas-y-nueva-propuesta-mus-20260501-013949-WUhF.jpeg 648w, https:\/\/multimedia.noticiassin.com\/wp-content\/uploads\/2026\/04\/museo-nacional-de-historia-y-geografia-con-renovadas-salas-y-nueva-propuesta-mus-20260501-013949-WUhF-1200x596.jpeg 1200w\" data-sizes=\"(max-width: 648px) 100vw, 648px\"\/><\/figure>\n<p>El <em>Museo Nacional de Historia y Geograf\u00eda<\/em> reafirma su compromiso con la preservaci\u00f3n del <strong>patrimonio <\/strong>hist\u00f3rico nacional y la difusi\u00f3n del conocimiento, ofreciendo visitas guiadas, as\u00ed como un programa constante de conferencias y actividades culturales para el p\u00fablico en general.<\/p>\n<\/div>\n","protected":false},"excerpt":{"rendered":"<p>El Museo Nacional de Historia y Geograf\u00eda (MNHG), de la Plaza de la Cultura Juan Pablo Duarte, reabri\u00f3 sus puertas el 28 de abril de 2026, despu\u00e9s de un exhaustivo proceso de remozamiento estructural y restauraci\u00f3n museogr\u00e1fica que fortaleci\u00f3 su oferta cultural y preserv\u00f3 integralmente su valioso patrimonio hist\u00f3rico. Fundado e inaugurado el 1 de<\/p>\n","protected":false},"author":1,"featured_media":38270,"comment_status":"open","ping_status":"open","sticky":false,"template":"","format":"standard","meta":{"footnotes":""},"categories":[1],"tags":[],"class_list":["post-38269","post","type-post","status-publish","format-standard","has-post-thumbnail","hentry","category-nacionales"],"_links":{"self":[{"href":"https:\/\/acronoticias.com\/index.php\/wp-json\/wp\/v2\/posts\/38269","targetHints":{"allow":["GET"]}}],"collection":[{"href":"https:\/\/acronoticias.com\/index.php\/wp-json\/wp\/v2\/posts"}],"about":[{"href":"https:\/\/acronoticias.com\/index.php\/wp-json\/wp\/v2\/types\/post"}],"author":[{"embeddable":true,"href":"https:\/\/acronoticias.com\/index.php\/wp-json\/wp\/v2\/users\/1"}],"replies":[{"embeddable":true,"href":"https:\/\/acronoticias.com\/index.php\/wp-json\/wp\/v2\/comments?post=38269"}],"version-history":[{"count":0,"href":"https:\/\/acronoticias.com\/index.php\/wp-json\/wp\/v2\/posts\/38269\/revisions"}],"wp:featuredmedia":[{"embeddable":true,"href":"https:\/\/acronoticias.com\/index.php\/wp-json\/wp\/v2\/media\/38270"}],"wp:attachment":[{"href":"https:\/\/acronoticias.com\/index.php\/wp-json\/wp\/v2\/media?parent=38269"}],"wp:term":[{"taxonomy":"category","embeddable":true,"href":"https:\/\/acronoticias.com\/index.php\/wp-json\/wp\/v2\/categories?post=38269"},{"taxonomy":"post_tag","embeddable":true,"href":"https:\/\/acronoticias.com\/index.php\/wp-json\/wp\/v2\/tags?post=38269"}],"curies":[{"name":"wp","href":"https:\/\/api.w.org\/{rel}","templated":true}]}}