{"id":38263,"date":"2026-05-01T01:09:55","date_gmt":"2026-05-01T01:09:55","guid":{"rendered":"https:\/\/acronoticias.com\/index.php\/2026\/05\/01\/minerd-mantiene-suspension-de-docencia-en-alerta-roja\/"},"modified":"2026-05-01T01:09:55","modified_gmt":"2026-05-01T01:09:55","slug":"minerd-mantiene-suspension-de-docencia-en-alerta-roja","status":"publish","type":"post","link":"https:\/\/acronoticias.com\/index.php\/2026\/05\/01\/minerd-mantiene-suspension-de-docencia-en-alerta-roja\/","title":{"rendered":"Minerd mantiene suspensi\u00f3n de docencia en alerta roja"},"content":{"rendered":"<div id=\"nota-texto\">\n<p>El <em>Ministerio de Educaci\u00f3n de la Rep\u00fablica Dominicana (Minerd)<\/em> inform\u00f3 la noche de este jueves que continuar\u00e1 la\u00a0suspensi\u00f3n\u00a0de docencia para este viernes en las provincias de\u00a0<strong>Montecristi<\/strong>, <strong>Puerto Plata<\/strong>, <strong>Santiago Rodr\u00edguez<\/strong> y <strong>Valverde<\/strong>, que se mantienen en\u00a0alerta roja, debido a una\u00a0vaguada\u00a0asociada a un sistema frontal que incide en el territorio nacional.<\/p>\n<ul class=\"wp-block-list\">\n<li>La medida fue tomada conforme el bolet\u00edn del\u00a0<em>Centro de Operaciones de Emergencias\u00a0(COE)<\/em>, debido a las condiciones meteorol\u00f3gicas actuales.<\/li>\n<\/ul>\n<blockquote class=\"wp-block-quote is-layout-flow wp-block-quote-is-layout-flow\">\n<p>A trav\u00e9s de una nota de prensa, el Minerd inst\u00f3 a los directores regionales, distritales y de centros educativos a mantener\u00a0<strong>medidas preventivas<\/strong>\u00a0en las provincias en alerta amarilla que cuentan con zonas vulnerables, en funci\u00f3n de la evoluci\u00f3n de las condiciones clim\u00e1ticas.<\/p>\n<\/blockquote>\n<p>Las disposiciones incluyen la\u00a0<strong>evaluaci\u00f3n continua<\/strong>\u00a0de riesgos, as\u00ed como la potestad para suspender la docencia en \u00e1reas donde las condiciones climatol\u00f3gicas lo ameriten, refiere el documento.<\/p>\n<p>El ministerio hizo un llamado a la comunidad educativa a mantenerse atenta a los\u00a0<strong>boletines oficiales<\/strong>\u00a0y a seguir las orientaciones de los organismos de\u00a0protecci\u00f3n civil.<\/p>\n<h2 class=\"wp-block-heading\">Provincias en alerta<\/h2>\n<p>El <em>COE <\/em>mantiene en alerta roja las provincias de\u00a0<strong>Santiago<\/strong> <strong>Rodr\u00edguez<\/strong>,\u00a0<strong>Valverde<\/strong>,\u00a0<strong>Montecristi<\/strong>\u00a0y\u00a0<strong>Puerto Plata<\/strong>.<\/p>\n<p>El organismo elev\u00f3 a<strong> alerta amarilla<\/strong> a la provincia de\u00a0El Seibo, y mantuvo en el mismo nivel de alerta a:\u00a0Mar\u00eda Trinidad S\u00e1nchez,\u00a0Santiago,\u00a0Duarte,\u00a0San Crist\u00f3bal,\u00a0Hermanas Mirabal,\u00a0Hato Mayor, el\u00a0Gran Santo Domingo,\u00a0Monte Plata,\u00a0Monse\u00f1or Nouel,\u00a0La Vega,\u00a0S\u00e1nchez Ram\u00edrez,\u00a0Espaillat,\u00a0Saman\u00e1\u00a0y\u00a0San Jos\u00e9 de Ocoa.<\/p>\n<p>Mientras que, en <strong>verde <\/strong>contin\u00faan la\u00a0La Romana,\u00a0Peravia,\u00a0San Pedro de Macor\u00eds,\u00a0San Juan,\u00a0La Altagracia\u00a0y\u00a0Dajab\u00f3n.<\/p>\n<\/div>\n","protected":false},"excerpt":{"rendered":"<p>El Ministerio de Educaci\u00f3n de la Rep\u00fablica Dominicana (Minerd) inform\u00f3 la noche de este jueves que continuar\u00e1 la\u00a0suspensi\u00f3n\u00a0de docencia para este viernes en las provincias de\u00a0Montecristi, Puerto Plata, Santiago Rodr\u00edguez y Valverde, que se mantienen en\u00a0alerta roja, debido a una\u00a0vaguada\u00a0asociada a un sistema frontal que incide en el territorio nacional. La medida fue tomada conforme<\/p>\n","protected":false},"author":1,"featured_media":38264,"comment_status":"open","ping_status":"open","sticky":false,"template":"","format":"standard","meta":{"footnotes":""},"categories":[1],"tags":[],"class_list":["post-38263","post","type-post","status-publish","format-standard","has-post-thumbnail","hentry","category-nacionales"],"_links":{"self":[{"href":"https:\/\/acronoticias.com\/index.php\/wp-json\/wp\/v2\/posts\/38263","targetHints":{"allow":["GET"]}}],"collection":[{"href":"https:\/\/acronoticias.com\/index.php\/wp-json\/wp\/v2\/posts"}],"about":[{"href":"https:\/\/acronoticias.com\/index.php\/wp-json\/wp\/v2\/types\/post"}],"author":[{"embeddable":true,"href":"https:\/\/acronoticias.com\/index.php\/wp-json\/wp\/v2\/users\/1"}],"replies":[{"embeddable":true,"href":"https:\/\/acronoticias.com\/index.php\/wp-json\/wp\/v2\/comments?post=38263"}],"version-history":[{"count":0,"href":"https:\/\/acronoticias.com\/index.php\/wp-json\/wp\/v2\/posts\/38263\/revisions"}],"wp:featuredmedia":[{"embeddable":true,"href":"https:\/\/acronoticias.com\/index.php\/wp-json\/wp\/v2\/media\/38264"}],"wp:attachment":[{"href":"https:\/\/acronoticias.com\/index.php\/wp-json\/wp\/v2\/media?parent=38263"}],"wp:term":[{"taxonomy":"category","embeddable":true,"href":"https:\/\/acronoticias.com\/index.php\/wp-json\/wp\/v2\/categories?post=38263"},{"taxonomy":"post_tag","embeddable":true,"href":"https:\/\/acronoticias.com\/index.php\/wp-json\/wp\/v2\/tags?post=38263"}],"curies":[{"name":"wp","href":"https:\/\/api.w.org\/{rel}","templated":true}]}}