{"id":38255,"date":"2026-05-01T00:28:35","date_gmt":"2026-05-01T00:28:35","guid":{"rendered":"https:\/\/acronoticias.com\/index.php\/2026\/05\/01\/honduras-autoriza-extradicion-a-eeuu-por-abuso-sexual\/"},"modified":"2026-05-01T00:28:35","modified_gmt":"2026-05-01T00:28:35","slug":"honduras-autoriza-extradicion-a-eeuu-por-abuso-sexual","status":"publish","type":"post","link":"https:\/\/acronoticias.com\/index.php\/2026\/05\/01\/honduras-autoriza-extradicion-a-eeuu-por-abuso-sexual\/","title":{"rendered":"Honduras autoriza extradici\u00f3n a EEUU por abuso sexual"},"content":{"rendered":"<div id=\"nota-texto\">\n<p><strong>Tegucigalpa<\/strong>.- La <strong>Corte Suprema de Justicia<\/strong> de <strong>Honduras<\/strong> autoriz\u00f3 este jueves la extradici\u00f3n a <strong>Estados Unidos<\/strong> de <strong>Joaqu\u00edn Alvarado<\/strong>, un nacional reclamado por delitos de agresi\u00f3n sexual infantil.<\/p>\n<p>La decisi\u00f3n fue adoptada por un juez de Extradici\u00f3n de Primera Instancia, tras finalizar la audiencia de presentaci\u00f3n y evacuaci\u00f3n de pruebas, detall\u00f3 el <strong>Poder Judicial<\/strong> a trav\u00e9s de la red social <strong>X<\/strong>.<\/p>\n<p>Alvarado, de 38 a\u00f1os, es requerido por una corte del Distrito de <strong>Oklahoma<\/strong> y se le imputan los delitos de \u201cviolaci\u00f3n en primer grado, actos lascivos o indecentes y abuso sexual infantil en perjuicio de menor de edad\u201d, seg\u00fan el <strong>Tribunal Supremo<\/strong>.<\/p>\n<h2 class=\"wp-block-heading\">Captura y proceso<\/h2>\n<p>El acusado fue capturado el pasado 10 de marzo en el municipio de <strong>Catacamas<\/strong>, departamento de <strong>Olancho<\/strong> (este), en una operaci\u00f3n de la <strong>Polic\u00eda Nacional<\/strong>, en cumplimiento de una orden de captura emitida por un juez de extradici\u00f3n.<\/p>\n<ul class=\"wp-block-list\">\n<li>Desde su detenci\u00f3n, <strong>Alvarado<\/strong> cumple arresto provisional bajo \u00abresguardo permanente las 24 horas\u00bb, situaci\u00f3n en la que permanecer\u00e1 hasta que se concrete su entrega a las autoridades estadounidenses.<\/li>\n<\/ul>\n<p>Hasta ahora no se conoce la fecha de su entrega a <strong>Estados Unidos<\/strong>, se\u00f1al\u00f3 el <strong>Tribunal Supremo<\/strong>, que precis\u00f3 que la defensa de <strong>Alvarado<\/strong> dispone de tres d\u00edas para decidir si presenta recursos legales para evitar su extradici\u00f3n.<\/p>\n<h2 class=\"wp-block-heading\">Contexto y otro caso<\/h2>\n<p><strong>Honduras<\/strong> mantiene un tratado de extradici\u00f3n vigente con <strong>Estados Unidos<\/strong> que, desde 2014, ha permitido la entrega de m\u00e1s de 60 ciudadanos reclamados por <strong>Washington<\/strong>, principalmente por delitos de narcotr\u00e1fico y crimen organizado.<\/p>\n<p>La extradici\u00f3n de hondure\u00f1os a solicitud de otros pa\u00edses fue habilitada en 2012 a trav\u00e9s de una reforma constitucional.<\/p>\n<h3 class=\"wp-block-heading\">Caso del ciudadano ruso<\/h3>\n<p>En una resoluci\u00f3n paralela, un juez hondure\u00f1o orden\u00f3 este jueves la medida de prohibici\u00f3n de salida del pa\u00eds al ciudadano ruso <strong>Nikita Andreevich Kuleshin<\/strong>, quien es solicitado en extradici\u00f3n por la justicia de su pa\u00eds por presunto fraude y sustracci\u00f3n de bienes por medio de enga\u00f1o.<\/p>\n<p>El ciudadano ruso, de 39 a\u00f1os, fue capturado este mi\u00e9rcoles en la ciudad de <strong>San Pedro Sula<\/strong>, norte del pa\u00eds, por agentes de la <strong>Direcci\u00f3n Nacional Policial Antidrogas<\/strong>, con apoyo de la <strong>Direcci\u00f3n de Inteligencia Policial<\/strong> y la <strong>Fiscal\u00eda Especial Contra el Crimen Organizado<\/strong>.<\/p>\n<p>Durante la audiencia de informaci\u00f3n, el magistrado impuso a <strong>Kuleshin<\/strong> la prohibici\u00f3n de salir del pa\u00eds, la obligaci\u00f3n de firmar ante el juzgado cada viernes y rendir un informe peri\u00f3dico ante la autoridad competente, seg\u00fan la resoluci\u00f3n.<\/p>\n<p>La defensa present\u00f3 al juez una certificaci\u00f3n de la <strong>Direcci\u00f3n Nacional de Migraci\u00f3n<\/strong> que acredita que <strong>Kuleshin<\/strong> goza de un permiso especial bajo la categor\u00eda de refugiado desde 2025.<\/p>\n<\/div>\n","protected":false},"excerpt":{"rendered":"<p>Tegucigalpa.- La Corte Suprema de Justicia de Honduras autoriz\u00f3 este jueves la extradici\u00f3n a Estados Unidos de Joaqu\u00edn Alvarado, un nacional reclamado por delitos de agresi\u00f3n sexual infantil. La decisi\u00f3n fue adoptada por un juez de Extradici\u00f3n de Primera Instancia, tras finalizar la audiencia de presentaci\u00f3n y evacuaci\u00f3n de pruebas, detall\u00f3 el Poder Judicial a<\/p>\n","protected":false},"author":1,"featured_media":38256,"comment_status":"open","ping_status":"open","sticky":false,"template":"","format":"standard","meta":{"footnotes":""},"categories":[3],"tags":[],"class_list":["post-38255","post","type-post","status-publish","format-standard","has-post-thumbnail","hentry","category-internacionales"],"_links":{"self":[{"href":"https:\/\/acronoticias.com\/index.php\/wp-json\/wp\/v2\/posts\/38255","targetHints":{"allow":["GET"]}}],"collection":[{"href":"https:\/\/acronoticias.com\/index.php\/wp-json\/wp\/v2\/posts"}],"about":[{"href":"https:\/\/acronoticias.com\/index.php\/wp-json\/wp\/v2\/types\/post"}],"author":[{"embeddable":true,"href":"https:\/\/acronoticias.com\/index.php\/wp-json\/wp\/v2\/users\/1"}],"replies":[{"embeddable":true,"href":"https:\/\/acronoticias.com\/index.php\/wp-json\/wp\/v2\/comments?post=38255"}],"version-history":[{"count":0,"href":"https:\/\/acronoticias.com\/index.php\/wp-json\/wp\/v2\/posts\/38255\/revisions"}],"wp:featuredmedia":[{"embeddable":true,"href":"https:\/\/acronoticias.com\/index.php\/wp-json\/wp\/v2\/media\/38256"}],"wp:attachment":[{"href":"https:\/\/acronoticias.com\/index.php\/wp-json\/wp\/v2\/media?parent=38255"}],"wp:term":[{"taxonomy":"category","embeddable":true,"href":"https:\/\/acronoticias.com\/index.php\/wp-json\/wp\/v2\/categories?post=38255"},{"taxonomy":"post_tag","embeddable":true,"href":"https:\/\/acronoticias.com\/index.php\/wp-json\/wp\/v2\/tags?post=38255"}],"curies":[{"name":"wp","href":"https:\/\/api.w.org\/{rel}","templated":true}]}}