{"id":38252,"date":"2026-05-01T00:04:52","date_gmt":"2026-05-01T00:04:52","guid":{"rendered":"https:\/\/acronoticias.com\/index.php\/2026\/05\/01\/mantienen-prision-preventiva-a-imputados-en-caso-senasa-juez-considera-no-hay-nuevos-elementos-para-variar-la-coercion\/"},"modified":"2026-05-01T00:04:52","modified_gmt":"2026-05-01T00:04:52","slug":"mantienen-prision-preventiva-a-imputados-en-caso-senasa-juez-considera-no-hay-nuevos-elementos-para-variar-la-coercion","status":"publish","type":"post","link":"https:\/\/acronoticias.com\/index.php\/2026\/05\/01\/mantienen-prision-preventiva-a-imputados-en-caso-senasa-juez-considera-no-hay-nuevos-elementos-para-variar-la-coercion\/","title":{"rendered":"Mantienen prisi\u00f3n preventiva a imputados en caso Senasa; juez considera no hay nuevos elementos para variar la coerci\u00f3n"},"content":{"rendered":"<p>Santo Domingo.- El juez del <strong>S\u00e9ptimo Juzgado de la Instrucci\u00f3n<\/strong>, <strong>Deibi Timoteo Peguero<\/strong>, decidi\u00f3 mantener las medidas de coerci\u00f3n consistentes en <strong>prisi\u00f3n preventiva<\/strong> contra los imputados del <strong>caso Senasa<\/strong>, al considerar que no se han presentado <strong>elementos nuevos<\/strong> que justifiquen una variaci\u00f3n de la medida.<\/p>\n<p>Durante la audiencia, el magistrado sostuvo que los <strong>presupuestos<\/strong> que dieron origen a la imposici\u00f3n de la prisi\u00f3n preventiva contin\u00faan vigentes, por lo que el <strong>Ministerio P\u00fablico<\/strong> seguir\u00e1 adelante con el proceso de <strong>investigaci\u00f3n<\/strong>.<\/p>\n<ul class=\"wp-block-list\">\n<li>De su lado, el abogado <strong>Miguel Valerio<\/strong> explic\u00f3 que la defensa no deposit\u00f3 nuevos documentos ni <strong>pruebas<\/strong> en esta fase del proceso, calificando esa decisi\u00f3n como una <strong>estrategia legal<\/strong>. <\/li>\n<\/ul>\n<p><strong>\u201cEntend\u00edamos que era un ejercicio sin ning\u00fan sentido\u201d<\/strong>, afirm\u00f3, al tiempo que indic\u00f3 que ser\u00e1 en su momento procesal oportuno cuando presentar\u00e1n los elementos probatorios para responder a las acusaciones.<\/p>\n<p>Valerio tambi\u00e9n se\u00f1al\u00f3 que, en el caso particular de <strong>Santiago Hazim<\/strong>, no se aportaron nuevos argumentos debido a que preve\u00edan que la decisi\u00f3n judicial no variar\u00eda. <\/p>\n<blockquote class=\"wp-block-quote is-layout-flow wp-block-quote-is-layout-flow\">\n<p><strong>\u201cEvidentemente ustedes vieron el resultado\u201d<\/strong>, expres\u00f3.<\/p>\n<\/blockquote>\n<p>Asimismo, el jurista reiter\u00f3 su postura cr\u00edtica sobre el uso de la prisi\u00f3n preventiva en el pa\u00eds. \u201cEn este pa\u00eds lamentablemente la <strong>prisi\u00f3n preventiva<\/strong> sigue siendo la norma\u201d, sostuvo, insistiendo en que esta medida deber\u00eda ser la <strong>excepci\u00f3n y no la regla<\/strong> dentro del sistema judicial.<\/p>\n<p>El abogado dej\u00f3 claro que la defensa esperar\u00e1 el <strong>momento procesal<\/strong> correspondiente para presentar todas las pruebas que consideren pertinentes, mientras el Ministerio P\u00fablico contin\u00faa con las investigaciones del caso.<\/p>\n<figure class=\"wp-block-image size-full\"><img loading=\"lazy\" decoding=\"async\" width=\"1000\" height=\"600\" src=\"https:\/\/multimedia.noticiassin.com\/wp-content\/uploads\/2026\/04\/borrador-automatico-20260430-200307-kjPP.webp\" alt=\"\" class=\"wp-image-1989497\" \/><\/figure>\n<h3 class=\"wp-block-heading\"><strong>Antecedentes del caso (cronolog\u00eda)<\/strong><\/h3>\n<p>Tiene su origen en una serie de investigaciones iniciadas en 2025 tras detectarse presuntas irregularidades en el <strong>Seguro Nacional de Salud (Senasa)<\/strong>.<\/p>\n<p>A continuaci\u00f3n, una <strong>reconstrucci\u00f3n cronol\u00f3gica<\/strong> con los principales hitos del proceso:<\/p>\n<h3 class=\"wp-block-heading\"><strong>Agosto de 2025: destituci\u00f3n de Santiago Hazim<\/strong><\/h3>\n<p>En medio de los primeros se\u00f1alamientos, <strong>Santiago Hazim<\/strong>, quien se desempe\u00f1aba como director de <strong>Senasa<\/strong> desde 2020, es destituido el <strong>13 de agosto de 2025<\/strong>, tras denuncias de irregularidades administrativas en la instituci\u00f3n.<\/p>\n<p><strong>Septiembre de 2025: inicio formal de la investigaci\u00f3n<\/strong><br \/>El caso toma car\u00e1cter formal cuando salen a la luz p\u00fablica los resultados de indagatorias que apuntaban a posibles actos de corrupci\u00f3n dentro de la entidad. Posteriormente, el Poder Ejecutivo remite los hallazgos al <strong>Ministerio P\u00fablico<\/strong>, dando paso a una investigaci\u00f3n penal.<\/p>\n<p><strong>Segundo semestre de 2025: desarrollo de las pesquisas<\/strong><br \/>Las autoridades profundizan en las investigaciones, identificando un presunto entramado de corrupci\u00f3n que habr\u00eda operado mediante fraude administrativo, falsificaci\u00f3n de documentos y manejo irregular de fondos p\u00fablicos, con p\u00e9rdidas millonarias para el Estado dominicano.<\/p>\n<p><strong>Diciembre de 2025: Operaci\u00f3n Cobra y arrestos<\/strong><br \/>El Ministerio P\u00fablico ejecuta la denominada <strong>Operaci\u00f3n Cobra<\/strong>, que incluy\u00f3 m\u00faltiples allanamientos y la detenci\u00f3n de varios implicados, incluyendo a Hazim y otros funcionarios y colaboradores vinculados al caso.<\/p>\n<p><strong>13 de diciembre de 2025: solicitud de medidas de coerci\u00f3n<\/strong><br \/>Tras los arrestos, el \u00f3rgano acusador solicita la imposici\u00f3n de <strong>prisi\u00f3n preventiva<\/strong> contra los principales imputados, alegando la gravedad de los hechos, el riesgo de fuga y la posibilidad de obstrucci\u00f3n del proceso.<\/p>\n<p><strong>14 de diciembre de 2025: imposici\u00f3n de prisi\u00f3n preventiva<\/strong><br \/>Un tribunal acoge la solicitud y dicta <strong>18 meses de prisi\u00f3n preventiva<\/strong> contra varios de los imputados, adem\u00e1s de declarar el proceso como complejo. A otros implicados se les imponen medidas menos severas, como prisi\u00f3n domiciliaria y garant\u00edas econ\u00f3micas.<\/p>\n<p><strong>Diciembre de 2025 \u2013 2026: evoluci\u00f3n del proceso judicial<\/strong><br \/>Durante esta etapa, el proceso entra en fase de instrucci\u00f3n, con presentaci\u00f3n de recursos por parte de la defensa y revisiones peri\u00f3dicas de las medidas de coerci\u00f3n. El <strong>Ministerio P\u00fablico<\/strong> contin\u00faa ampliando la investigaci\u00f3n, mientras la defensa insiste en que presentar\u00e1 sus pruebas en el momento procesal oportuno.<\/p>\n<p>El expediente involucra acusaciones de <strong>corrupci\u00f3n administrativa, soborno, estafa contra el Estado, asociaci\u00f3n de malhechores y lavado de activos<\/strong>, en un esquema que habr\u00eda impactado significativamente una de las principales instituciones de salud del pa\u00eds.<\/p>\n","protected":false},"excerpt":{"rendered":"<p>Santo Domingo.- El juez del S\u00e9ptimo Juzgado de la Instrucci\u00f3n, Deibi Timoteo Peguero, decidi\u00f3 mantener las medidas de coerci\u00f3n consistentes en prisi\u00f3n preventiva contra los imputados del caso Senasa, al considerar que no se han presentado elementos nuevos que justifiquen una variaci\u00f3n de la medida. Durante la audiencia, el magistrado sostuvo que los presupuestos que<\/p>\n","protected":false},"author":1,"featured_media":38253,"comment_status":"open","ping_status":"open","sticky":false,"template":"","format":"standard","meta":{"footnotes":""},"categories":[1],"tags":[],"class_list":["post-38252","post","type-post","status-publish","format-standard","has-post-thumbnail","hentry","category-nacionales"],"_links":{"self":[{"href":"https:\/\/acronoticias.com\/index.php\/wp-json\/wp\/v2\/posts\/38252","targetHints":{"allow":["GET"]}}],"collection":[{"href":"https:\/\/acronoticias.com\/index.php\/wp-json\/wp\/v2\/posts"}],"about":[{"href":"https:\/\/acronoticias.com\/index.php\/wp-json\/wp\/v2\/types\/post"}],"author":[{"embeddable":true,"href":"https:\/\/acronoticias.com\/index.php\/wp-json\/wp\/v2\/users\/1"}],"replies":[{"embeddable":true,"href":"https:\/\/acronoticias.com\/index.php\/wp-json\/wp\/v2\/comments?post=38252"}],"version-history":[{"count":0,"href":"https:\/\/acronoticias.com\/index.php\/wp-json\/wp\/v2\/posts\/38252\/revisions"}],"wp:featuredmedia":[{"embeddable":true,"href":"https:\/\/acronoticias.com\/index.php\/wp-json\/wp\/v2\/media\/38253"}],"wp:attachment":[{"href":"https:\/\/acronoticias.com\/index.php\/wp-json\/wp\/v2\/media?parent=38252"}],"wp:term":[{"taxonomy":"category","embeddable":true,"href":"https:\/\/acronoticias.com\/index.php\/wp-json\/wp\/v2\/categories?post=38252"},{"taxonomy":"post_tag","embeddable":true,"href":"https:\/\/acronoticias.com\/index.php\/wp-json\/wp\/v2\/tags?post=38252"}],"curies":[{"name":"wp","href":"https:\/\/api.w.org\/{rel}","templated":true}]}}