{"id":38246,"date":"2026-04-30T23:32:50","date_gmt":"2026-04-30T23:32:50","guid":{"rendered":"https:\/\/acronoticias.com\/index.php\/2026\/04\/30\/fuerte-actividad-convectiva-traera-tormentas-en-santo\/"},"modified":"2026-04-30T23:32:50","modified_gmt":"2026-04-30T23:32:50","slug":"fuerte-actividad-convectiva-traera-tormentas-en-santo","status":"publish","type":"post","link":"https:\/\/acronoticias.com\/index.php\/2026\/04\/30\/fuerte-actividad-convectiva-traera-tormentas-en-santo\/","title":{"rendered":"Fuerte actividad convectiva traer\u00e1 tormentas en Santo"},"content":{"rendered":"<div id=\"nota-texto\">\n<p>La directora del Instituto Dominicano de Meteorolog\u00eda (Indomet),\u00a0<strong>Gloria Ceballos<\/strong>,\u00a0advirti\u00f3\u00a0la tarde de este jueves sobre la presencia de <em>\u00abuna\u00a0fuerte actividad convectiva\u00bb<\/em>, la cual generar\u00e1\u00a0aguaceros\u00a0con\u00a0tormentas\u00a0el\u00e9ctricas y r\u00e1faga de vientos.<\/p>\n<blockquote class=\"wp-block-quote is-layout-flow wp-block-quote-is-layout-flow\">\n<p><em>\u00abFuerte actividad convectiva generadora de aguaceros con tormentas el\u00e9ctricas y r\u00e1fagas de viento se observa la tarde del jueves sobre el sureste(incluye el Gran Santo Domingo), noreste, norte y centro del territorio nacional. Precauci\u00f3n hay suelos saturados\u00bb<\/em>, public\u00f3 <strong>Ceballos<\/strong> en sus redessociales.<\/p>\n<\/blockquote>\n<p>El fen\u00f3meno <strong>impactar\u00e1 <\/strong>al\u00a0sureste del pa\u00eds, incluyendo al\u00a0<em>Gran Santo Domingo<\/em>, incluido el <em>Distrito Nacional<\/em>., as\u00ed como la zona noreste, norte y el centro del territorio nacional.<\/p>\n<ul class=\"wp-block-list\">\n<li>La directora del INDOMET pidi\u00f3 tener\u00a0precauci\u00f3n\u00a0debido a que los suelos est\u00e1n saturados, lo que puede provocar\u00a0deslizamientos de tierra\u00a0y hundimientos.<\/li>\n<\/ul>\n<p>La\u00a0actividad <strong>convectiva\u00a0<\/strong>es un proceso atmosf\u00e9rico en el que el aire caliente y h\u00famedo\u00a0asciende\u00a0hacia capas m\u00e1s altas de la atm\u00f3sfera, mientras el aire m\u00e1s fr\u00edo\u00a0desciende, generando movimientos verticales.<\/p>\n<p>Este fen\u00f3meno es clave en la formaci\u00f3n de nubes y eventos meteorol\u00f3gicos <strong>intensos<\/strong> y puede generar fen\u00f3menos severos como inundaciones o\u00a0tormentas\u00a0fuertes.<\/p>\n<figure class=\"wp-block-embed is-type-rich is-provider-twitter wp-block-embed-twitter\">\n<div class=\"wp-block-embed__wrapper\">\n<blockquote class=\"twitter-tweet\" data-width=\"500\" data-dnt=\"true\">\n<p lang=\"es\" dir=\"ltr\">Fuerte actividad convectiva generadora de aguaceros con tormentas el\u00e9ctricas y r\u00e1fagas de viento se observa la tarde del jueves sobre el sureste(incluye el Gran Santo Domingo), noreste, norte y centro del territorio nacional. Precauci\u00f3n hay suelos saturados. <a href=\"https:\/\/t.co\/QndqOLEyTF\">pic.twitter.com\/QndqOLEyTF<\/a><\/p>\n<p>\u2014 Gloria Ceballos (@GloriaCeballos7) <a href=\"https:\/\/twitter.com\/GloriaCeballos7\/status\/2049971555380154838?ref_src=twsrc%5Etfw\">April 30, 2026<\/a><\/p><\/blockquote><\/div>\n<\/figure>\n<\/div>\n<p><script async src=\"\/\/platform.twitter.com\/widgets.js\" charset=\"utf-8\"><\/script><\/p>\n","protected":false},"excerpt":{"rendered":"<p>La directora del Instituto Dominicano de Meteorolog\u00eda (Indomet),\u00a0Gloria Ceballos,\u00a0advirti\u00f3\u00a0la tarde de este jueves sobre la presencia de \u00abuna\u00a0fuerte actividad convectiva\u00bb, la cual generar\u00e1\u00a0aguaceros\u00a0con\u00a0tormentas\u00a0el\u00e9ctricas y r\u00e1faga de vientos. \u00abFuerte actividad convectiva generadora de aguaceros con tormentas el\u00e9ctricas y r\u00e1fagas de viento se observa la tarde del jueves sobre el sureste(incluye el Gran Santo Domingo), noreste, norte<\/p>\n","protected":false},"author":1,"featured_media":38247,"comment_status":"open","ping_status":"open","sticky":false,"template":"","format":"standard","meta":{"footnotes":""},"categories":[1],"tags":[],"class_list":["post-38246","post","type-post","status-publish","format-standard","has-post-thumbnail","hentry","category-nacionales"],"_links":{"self":[{"href":"https:\/\/acronoticias.com\/index.php\/wp-json\/wp\/v2\/posts\/38246","targetHints":{"allow":["GET"]}}],"collection":[{"href":"https:\/\/acronoticias.com\/index.php\/wp-json\/wp\/v2\/posts"}],"about":[{"href":"https:\/\/acronoticias.com\/index.php\/wp-json\/wp\/v2\/types\/post"}],"author":[{"embeddable":true,"href":"https:\/\/acronoticias.com\/index.php\/wp-json\/wp\/v2\/users\/1"}],"replies":[{"embeddable":true,"href":"https:\/\/acronoticias.com\/index.php\/wp-json\/wp\/v2\/comments?post=38246"}],"version-history":[{"count":0,"href":"https:\/\/acronoticias.com\/index.php\/wp-json\/wp\/v2\/posts\/38246\/revisions"}],"wp:featuredmedia":[{"embeddable":true,"href":"https:\/\/acronoticias.com\/index.php\/wp-json\/wp\/v2\/media\/38247"}],"wp:attachment":[{"href":"https:\/\/acronoticias.com\/index.php\/wp-json\/wp\/v2\/media?parent=38246"}],"wp:term":[{"taxonomy":"category","embeddable":true,"href":"https:\/\/acronoticias.com\/index.php\/wp-json\/wp\/v2\/categories?post=38246"},{"taxonomy":"post_tag","embeddable":true,"href":"https:\/\/acronoticias.com\/index.php\/wp-json\/wp\/v2\/tags?post=38246"}],"curies":[{"name":"wp","href":"https:\/\/api.w.org\/{rel}","templated":true}]}}