{"id":38244,"date":"2026-04-30T23:27:34","date_gmt":"2026-04-30T23:27:34","guid":{"rendered":"https:\/\/acronoticias.com\/index.php\/2026\/04\/30\/decomisan-45-toneladas-de-droga-vinculada-a-los-lobos-en\/"},"modified":"2026-04-30T23:27:34","modified_gmt":"2026-04-30T23:27:34","slug":"decomisan-45-toneladas-de-droga-vinculada-a-los-lobos-en","status":"publish","type":"post","link":"https:\/\/acronoticias.com\/index.php\/2026\/04\/30\/decomisan-45-toneladas-de-droga-vinculada-a-los-lobos-en\/","title":{"rendered":"Decomisan 4,5 toneladas de droga vinculada a Los Lobos en"},"content":{"rendered":"<div id=\"nota-texto\">\n<p><strong>Guayaquil<\/strong>.- Las <strong>Fuerzas Armadas<\/strong> ecuatorianas decomisaron este jueves 4,5 toneladas de droga en la provincia costera de <strong>Manab\u00ed<\/strong>, que presumen estaban listas para ser embarcadas en lanchas para ser enviadas al extranjero y que pertenecer\u00edan a un grupo vinculado a <strong>Los Lobos<\/strong>, la banda criminal m\u00e1s grande del pa\u00eds andino, inform\u00f3 el <strong>Ministerio de Defensa<\/strong>.<\/p>\n<h2 class=\"wp-block-heading\">Operativo en Manab\u00ed<\/h2>\n<p>La operaci\u00f3n en la que el <strong>Ej\u00e9rcito<\/strong> encontr\u00f3 la droga se llev\u00f3 a cabo en una zona rural del municipio de <strong>Sucre<\/strong>, en <strong>Manab\u00ed<\/strong>, y, seg\u00fan el <strong>Gobierno<\/strong>, cont\u00f3 con el apoyo de <strong>Estados Unidos<\/strong>.<\/p>\n<p>De forma paralela, la <strong>Armada<\/strong> intercept\u00f3, a nueve kil\u00f3metros de las costas de <strong>Manab\u00ed<\/strong>, dos embarcaciones tipo fibra sin nombre ni matr\u00edcula que ten\u00edan seis motores fuera de borda y equipos de comunicaci\u00f3n, y detuvo a cuatro personas.<\/p>\n<p>De acuerdo al <strong>Ministerio de Defensa<\/strong>, las embarcaciones \u00abse preparaban en el mar para recibir la carga, mientras en tierra la droga estaba lista para ser embarcada\u00bb.<\/p>\n<p>El ministro de Defensa, <strong>Gian Carlo Loffredo<\/strong>, no descart\u00f3 que en las pr\u00f3ximas horas la cantidad de droga hallada pueda aumentar, pues estaban inspeccionando la zona donde encontraron los primeros paquetes.<\/p>\n<p>Asegur\u00f3 que el operativo se realiz\u00f3 por informaci\u00f3n de inteligencia militar y que utilizaron drones para la vigilancia del <strong>Comando Sur<\/strong> de <strong>Estados Unidos<\/strong>.<\/p>\n<h2 class=\"wp-block-heading\">Impacto y contexto<\/h2>\n<p>El <strong>Ministerio<\/strong> se\u00f1al\u00f3 que esta incautaci\u00f3n \u00abrepresenta una afectaci\u00f3n econ\u00f3mica de aproximadamente 275 millones\u00bb de d\u00f3lares para este grupo criminal y que impactaron \u00abdirectamente su log\u00edstica, movilidad y capacidad operativa\u00bb.<\/p>\n<ul class=\"wp-block-list\">\n<li><strong>Los Lobos<\/strong> es una de las organizaciones ecuatorianas denominadas como \u00abterroristas\u00bb por <strong>Estados Unidos<\/strong>, junto a <strong>Los Choneros<\/strong>, el grupo criminal m\u00e1s antiguo del pa\u00eds.<\/li>\n<\/ul>\n<p>Rodeado por <strong>Colombia<\/strong> y <strong>Per\u00fa<\/strong>, los dos mayores productores mundiales de coca\u00edna, con varios puertos en sus costas, como los ubicados en <strong>Guayaquil<\/strong>, y una econom\u00eda dolarizada, <strong>Ecuador<\/strong> se ha convertido en los \u00faltimos a\u00f1os en un paso importante para el tr\u00e1fico de esa droga, que se dirige mayormente a <strong>Europa<\/strong> y <strong>Norteam\u00e9rica<\/strong>.<\/p>\n<p>En 2025, las fuerzas de seguridad decomisaron 227,1 toneladas de droga, principalmente coca\u00edna, 67 toneladas menos de las que se reportaron en 2024, cuando se contabiliz\u00f3 una cifra r\u00e9cord de 294,61, de acuerdo con datos oficiales.<\/p>\n<\/div>\n","protected":false},"excerpt":{"rendered":"<p>Guayaquil.- Las Fuerzas Armadas ecuatorianas decomisaron este jueves 4,5 toneladas de droga en la provincia costera de Manab\u00ed, que presumen estaban listas para ser embarcadas en lanchas para ser enviadas al extranjero y que pertenecer\u00edan a un grupo vinculado a Los Lobos, la banda criminal m\u00e1s grande del pa\u00eds andino, inform\u00f3 el Ministerio de Defensa.<\/p>\n","protected":false},"author":1,"featured_media":38245,"comment_status":"open","ping_status":"open","sticky":false,"template":"","format":"standard","meta":{"footnotes":""},"categories":[3],"tags":[],"class_list":["post-38244","post","type-post","status-publish","format-standard","has-post-thumbnail","hentry","category-internacionales"],"_links":{"self":[{"href":"https:\/\/acronoticias.com\/index.php\/wp-json\/wp\/v2\/posts\/38244","targetHints":{"allow":["GET"]}}],"collection":[{"href":"https:\/\/acronoticias.com\/index.php\/wp-json\/wp\/v2\/posts"}],"about":[{"href":"https:\/\/acronoticias.com\/index.php\/wp-json\/wp\/v2\/types\/post"}],"author":[{"embeddable":true,"href":"https:\/\/acronoticias.com\/index.php\/wp-json\/wp\/v2\/users\/1"}],"replies":[{"embeddable":true,"href":"https:\/\/acronoticias.com\/index.php\/wp-json\/wp\/v2\/comments?post=38244"}],"version-history":[{"count":0,"href":"https:\/\/acronoticias.com\/index.php\/wp-json\/wp\/v2\/posts\/38244\/revisions"}],"wp:featuredmedia":[{"embeddable":true,"href":"https:\/\/acronoticias.com\/index.php\/wp-json\/wp\/v2\/media\/38245"}],"wp:attachment":[{"href":"https:\/\/acronoticias.com\/index.php\/wp-json\/wp\/v2\/media?parent=38244"}],"wp:term":[{"taxonomy":"category","embeddable":true,"href":"https:\/\/acronoticias.com\/index.php\/wp-json\/wp\/v2\/categories?post=38244"},{"taxonomy":"post_tag","embeddable":true,"href":"https:\/\/acronoticias.com\/index.php\/wp-json\/wp\/v2\/tags?post=38244"}],"curies":[{"name":"wp","href":"https:\/\/api.w.org\/{rel}","templated":true}]}}