{"id":38242,"date":"2026-04-30T23:16:10","date_gmt":"2026-04-30T23:16:10","guid":{"rendered":"https:\/\/acronoticias.com\/index.php\/2026\/04\/30\/idoppril-realiza-3er-foro-de-seguridad-y-salud-en-el-trabajo\/"},"modified":"2026-04-30T23:16:10","modified_gmt":"2026-04-30T23:16:10","slug":"idoppril-realiza-3er-foro-de-seguridad-y-salud-en-el-trabajo","status":"publish","type":"post","link":"https:\/\/acronoticias.com\/index.php\/2026\/04\/30\/idoppril-realiza-3er-foro-de-seguridad-y-salud-en-el-trabajo\/","title":{"rendered":"IDOPPRIL realiza 3er Foro de Seguridad y Salud en el Trabajo"},"content":{"rendered":"<div id=\"nota-texto\">\n<p>El <em>Instituto Dominicano de Prevenci\u00f3n y Protecci\u00f3n de Riesgos Laborales (IDOPPRIL)<\/em> desarroll\u00f3 el <strong>Tercer Foro Dominicano de Seguridad y Salud en el Trabajo<\/strong>, bajo el lema <em>\u201cLa salud psicosocial como pilar de organizaciones fuertes y sostenibles\u201d<\/em>.<\/p>\n<ul class=\"wp-block-list\">\n<li>La actividad busc\u00f3 promover entornos de <strong>trabajo saludables<\/strong> y fortalecer la cultura de prevenci\u00f3n en el pa\u00eds.<\/li>\n<\/ul>\n<p>La jornada cont\u00f3 con la participaci\u00f3n de representantes de las instituciones que integran el Si<em>stema Dominicano de Seguridad Social (SDSS)<\/em>, as\u00ed como de los sectores <strong>empleador <\/strong>y trabajador.<\/p>\n<blockquote class=\"wp-block-quote is-layout-flow wp-block-quote-is-layout-flow\">\n<p>En el acto inaugural, las palabras de salutaci\u00f3n estuvieron a cargo del ministro de Trabajo, Eddy Olivares Ortega, mientras que la apertura fue encabezada por el director ejecutivo del <em>IDOPPRIL<\/em>, <strong>Agust\u00edn Burgos<\/strong>.<\/p>\n<figure class=\"wp-block-video\"><video height=\"576\" style=\"aspect-ratio: 1024 \/ 576;\" width=\"1024\" controls=\"\" src=\"https:\/\/multimedia.noticiassin.com\/wp-content\/uploads\/2026\/04\/Idopprill-1.mp4\"\/><\/figure>\n<p>Durante el panel <em><strong>\u201cMarco normativo y rol de los actores clave en la prevenci\u00f3n y promoci\u00f3n de la salud psicosocial en el trabajo\u201d<\/strong><\/em>, autoridades y especialistas analizaron los principales retos y avances en materia de seguridad y salud laboral.<\/p>\n<\/blockquote>\n<p>Tambi\u00e9n se desarrollaron conferencias orientadas al fortalecimiento de la gesti\u00f3n <strong>organizacional<\/strong>. Entre ellas estuvieron: <em>\u201cEntornos Psicosociales Saludables: El nuevo est\u00e1ndar de competitividad\u201d y \u201cDise\u00f1o del trabajo, liderazgo y cultura organizacional\u201d<\/em>.<\/p>\n<ul class=\"wp-block-list\">\n<li>Adem\u00e1s, se realiz\u00f3 una presentaci\u00f3n de buenas pr\u00e1cticas en prevenci\u00f3n de riesgos psicosociales.<\/li>\n<\/ul>\n<p>El foro concluy\u00f3 con la conferencia <em>\u201cBienestar integral y sostenibilidad organizacional\u201d<\/em>, seguida de las palabras de clausura de la directora de Prevenci\u00f3n del <em>IDOPPRIL<\/em>, <strong>Francis Brito<\/strong>.<\/p>\n<p>Con esta iniciativa, el <em><strong>IDOPPRIL <\/strong><\/em>reafirm\u00f3 su compromiso con la promoci\u00f3n de la cultura de prevenci\u00f3n, y el fortalecimiento de pol\u00edticas y acciones orientadas a garantizar condiciones de trabajo seguras, saludables y dignas para la poblaci\u00f3n trabajadora.<\/p>\n<\/div>\n","protected":false},"excerpt":{"rendered":"<p>El Instituto Dominicano de Prevenci\u00f3n y Protecci\u00f3n de Riesgos Laborales (IDOPPRIL) desarroll\u00f3 el Tercer Foro Dominicano de Seguridad y Salud en el Trabajo, bajo el lema \u201cLa salud psicosocial como pilar de organizaciones fuertes y sostenibles\u201d. La actividad busc\u00f3 promover entornos de trabajo saludables y fortalecer la cultura de prevenci\u00f3n en el pa\u00eds. La jornada<\/p>\n","protected":false},"author":1,"featured_media":38243,"comment_status":"open","ping_status":"open","sticky":false,"template":"","format":"standard","meta":{"footnotes":""},"categories":[1],"tags":[],"class_list":["post-38242","post","type-post","status-publish","format-standard","has-post-thumbnail","hentry","category-nacionales"],"_links":{"self":[{"href":"https:\/\/acronoticias.com\/index.php\/wp-json\/wp\/v2\/posts\/38242","targetHints":{"allow":["GET"]}}],"collection":[{"href":"https:\/\/acronoticias.com\/index.php\/wp-json\/wp\/v2\/posts"}],"about":[{"href":"https:\/\/acronoticias.com\/index.php\/wp-json\/wp\/v2\/types\/post"}],"author":[{"embeddable":true,"href":"https:\/\/acronoticias.com\/index.php\/wp-json\/wp\/v2\/users\/1"}],"replies":[{"embeddable":true,"href":"https:\/\/acronoticias.com\/index.php\/wp-json\/wp\/v2\/comments?post=38242"}],"version-history":[{"count":0,"href":"https:\/\/acronoticias.com\/index.php\/wp-json\/wp\/v2\/posts\/38242\/revisions"}],"wp:featuredmedia":[{"embeddable":true,"href":"https:\/\/acronoticias.com\/index.php\/wp-json\/wp\/v2\/media\/38243"}],"wp:attachment":[{"href":"https:\/\/acronoticias.com\/index.php\/wp-json\/wp\/v2\/media?parent=38242"}],"wp:term":[{"taxonomy":"category","embeddable":true,"href":"https:\/\/acronoticias.com\/index.php\/wp-json\/wp\/v2\/categories?post=38242"},{"taxonomy":"post_tag","embeddable":true,"href":"https:\/\/acronoticias.com\/index.php\/wp-json\/wp\/v2\/tags?post=38242"}],"curies":[{"name":"wp","href":"https:\/\/api.w.org\/{rel}","templated":true}]}}