{"id":38236,"date":"2026-04-30T22:43:19","date_gmt":"2026-04-30T22:43:19","guid":{"rendered":"https:\/\/acronoticias.com\/index.php\/2026\/04\/30\/policia-revela-los-mas-buscados-por-homicidio-en-la-vega\/"},"modified":"2026-04-30T22:43:19","modified_gmt":"2026-04-30T22:43:19","slug":"policia-revela-los-mas-buscados-por-homicidio-en-la-vega","status":"publish","type":"post","link":"https:\/\/acronoticias.com\/index.php\/2026\/04\/30\/policia-revela-los-mas-buscados-por-homicidio-en-la-vega\/","title":{"rendered":"Polic\u00eda revela los m\u00e1s buscados por homicidio en La Vega"},"content":{"rendered":"<div id=\"nota-texto\">\n<p><strong>LA VEGA<\/strong>.- La <strong>Polic\u00eda Nacional<\/strong>, a trav\u00e9s de su <strong>Direcci\u00f3n Regional La Vega<\/strong>, dio a conocer un listado con las personas m\u00e1s buscadas en esa demarcaci\u00f3n, se\u00f1aladas por su presunta implicaci\u00f3n en homicidios.<\/p>\n<h2 class=\"wp-block-heading\">Listado de buscados<\/h2>\n<p>En la imagen oficial se incluyen varios individuos identificados como pr\u00f3fugos y otros con registros, entre ellos <strong>Jonathan Mart\u00ednez Guzm\u00e1n<\/strong>, <strong>Wener Rafael Herrera Rivas<\/strong>, <strong>Anarky de Jes\u00fas Veras Valdez<\/strong>, <strong>Ezequiel Abel Jeraldino<\/strong> y <strong>Carlos Gabriel Estevez Estevez<\/strong>.<\/p>\n<ul class=\"wp-block-list\">\n<li>Asimismo, figuran <strong>Rafaelny Borrero Adames<\/strong>, <strong>Miguel \u00c1ngel Rosario<\/strong>, <strong>Franklyn Jos\u00e9 Marte Ure\u00f1a<\/strong> (alias Frank), <strong>Luis Miguel Pati\u00f1o Delgado<\/strong> y <strong>Pedro Luis Henr\u00edquez Pe\u00f1a<\/strong>.<\/li>\n<\/ul>\n<h2 class=\"wp-block-heading\">Llamado a colaborar<\/h2>\n<p>Las autoridades indicaron que estas personas son buscadas activamente y exhortaron a la ciudadan\u00eda a colaborar con cualquier informaci\u00f3n que permita dar con su paradero, garantizando confidencialidad. Para ello, pusieron a disposici\u00f3n el n\u00famero telef\u00f3nico 809-573-2340, destacando que una<strong> llamada puede contribuir a esclarecer estos hechos.<\/strong><\/p>\n<figure class=\"wp-block-image size-full is-resized\"><img fetchpriority=\"high\" decoding=\"async\" width=\"1254\" height=\"1254\" src=\"https:\/\/multimedia.noticiassin.com\/wp-content\/uploads\/2026\/04\/borrador-automatico-20260430-214951-kFkE.jpeg\" alt=\"\" class=\"wp-image-1989569 lazy\" style=\"width:376px;height:auto\" srcset=\"https:\/\/multimedia.noticiassin.com\/wp-content\/uploads\/2026\/04\/borrador-automatico-20260430-214951-kFkE.jpeg 1254w, https:\/\/multimedia.noticiassin.com\/wp-content\/uploads\/2026\/04\/borrador-automatico-20260430-214951-kFkE-768x768.jpeg 768w, https:\/\/multimedia.noticiassin.com\/wp-content\/uploads\/2026\/04\/borrador-automatico-20260430-214951-kFkE-150x150.jpeg 150w, https:\/\/multimedia.noticiassin.com\/wp-content\/uploads\/2026\/04\/borrador-automatico-20260430-214951-kFkE-1200x1200.jpeg 1200w\" data-sizes=\"(max-width: 1254px) 100vw, 1254px\"\/><\/figure>\n<\/div>\n","protected":false},"excerpt":{"rendered":"<p>LA VEGA.- La Polic\u00eda Nacional, a trav\u00e9s de su Direcci\u00f3n Regional La Vega, dio a conocer un listado con las personas m\u00e1s buscadas en esa demarcaci\u00f3n, se\u00f1aladas por su presunta implicaci\u00f3n en homicidios. Listado de buscados En la imagen oficial se incluyen varios individuos identificados como pr\u00f3fugos y otros con registros, entre ellos Jonathan Mart\u00ednez<\/p>\n","protected":false},"author":1,"featured_media":38237,"comment_status":"open","ping_status":"open","sticky":false,"template":"","format":"standard","meta":{"footnotes":""},"categories":[1],"tags":[],"class_list":["post-38236","post","type-post","status-publish","format-standard","has-post-thumbnail","hentry","category-nacionales"],"_links":{"self":[{"href":"https:\/\/acronoticias.com\/index.php\/wp-json\/wp\/v2\/posts\/38236","targetHints":{"allow":["GET"]}}],"collection":[{"href":"https:\/\/acronoticias.com\/index.php\/wp-json\/wp\/v2\/posts"}],"about":[{"href":"https:\/\/acronoticias.com\/index.php\/wp-json\/wp\/v2\/types\/post"}],"author":[{"embeddable":true,"href":"https:\/\/acronoticias.com\/index.php\/wp-json\/wp\/v2\/users\/1"}],"replies":[{"embeddable":true,"href":"https:\/\/acronoticias.com\/index.php\/wp-json\/wp\/v2\/comments?post=38236"}],"version-history":[{"count":0,"href":"https:\/\/acronoticias.com\/index.php\/wp-json\/wp\/v2\/posts\/38236\/revisions"}],"wp:featuredmedia":[{"embeddable":true,"href":"https:\/\/acronoticias.com\/index.php\/wp-json\/wp\/v2\/media\/38237"}],"wp:attachment":[{"href":"https:\/\/acronoticias.com\/index.php\/wp-json\/wp\/v2\/media?parent=38236"}],"wp:term":[{"taxonomy":"category","embeddable":true,"href":"https:\/\/acronoticias.com\/index.php\/wp-json\/wp\/v2\/categories?post=38236"},{"taxonomy":"post_tag","embeddable":true,"href":"https:\/\/acronoticias.com\/index.php\/wp-json\/wp\/v2\/tags?post=38236"}],"curies":[{"name":"wp","href":"https:\/\/api.w.org\/{rel}","templated":true}]}}