{"id":38222,"date":"2026-04-30T21:24:55","date_gmt":"2026-04-30T21:24:55","guid":{"rendered":"https:\/\/acronoticias.com\/index.php\/2026\/04\/30\/roberto-sanchez-busca-coalicion-para-ganar-presidencia-de\/"},"modified":"2026-04-30T21:24:55","modified_gmt":"2026-04-30T21:24:55","slug":"roberto-sanchez-busca-coalicion-para-ganar-presidencia-de","status":"publish","type":"post","link":"https:\/\/acronoticias.com\/index.php\/2026\/04\/30\/roberto-sanchez-busca-coalicion-para-ganar-presidencia-de\/","title":{"rendered":"Roberto S\u00e1nchez busca coalici\u00f3n para ganar Presidencia de"},"content":{"rendered":"<div id=\"nota-texto\">\n<p>El candidato izquierdista <strong>Roberto S\u00e1nchez <\/strong>afirm\u00f3 este jueves que est\u00e1 convencido de que lograr\u00e1 conformar una coalici\u00f3n pol\u00edtica para ganar la Presidencia de <em>Per\u00fa <\/em>en la segunda vuelta electoral del 7 de junio pr\u00f3ximo y contar con el apoyo del Senado y la c\u00e1mara de Diputados para aprobar las reformas que plantea aplicar en un Gobierno suyo.<\/p>\n<p><em><strong>\u00abQueremos un cambio, y el cambio significa lograr la mayor\u00eda pol\u00edtica y social, y lo vamos a lograr, lo vamos a hacer\u00bb<\/strong><\/em>, enfatiz\u00f3 el candidato durante una reuni\u00f3n con los miembros de la Asociaci\u00f3n de Prensa Extranjera en el Per\u00fa (APEP).<\/p>\n<p><strong>S\u00e1nchez<\/strong> apunt\u00f3 a hacer frente al <em>\u00abpacto mafioso\u00bb<\/em>, como denomina a las fuerzas de derecha que controlan el Congreso y el Gobierno.<\/p>\n<p><em>\u00abPara la segunda vuelta necesitamos crecer y lograr una mayor\u00eda, entendiendo otras vertientes de Per\u00fa, y eso significa incorporar a otros sectores\u00bb<\/em>, manifest\u00f3 <strong>S\u00e1nchez<\/strong>, al se\u00f1alar que la salida para Per\u00fa es la concertaci\u00f3n.<\/p>\n<ul class=\"wp-block-list\">\n<li>S\u00e1nchez, que compite en representaci\u00f3n del encarcelado expresidente <strong>Pedro Castillo<\/strong> (2021-2022), asegur\u00f3 que est\u00e1 <em>\u00abmuy contento\u00bb<\/em> de ocupar el segundo lugar en los comicios generales del pasado 12 y 13 de abril, que permite disputar la jefatura de Estado en una segunda vuelta con la derechista <strong>Keiko Fujimori<\/strong>, quien fue la candidata m\u00e1s votada.<\/li>\n<\/ul>\n<p><em><strong>\u00abSe nos dec\u00eda que no aparec\u00edamos en las encuestas, sin embargo siempre tuvimos la confianza de las comunidades, y eso se ha afianzado, y hoy nuestra tarea ya no es la primera vuelta, hoy necesitamos mayor\u00eda pol\u00edtica\u00bb<\/strong><\/em>, remarc\u00f3 .<\/p>\n<blockquote class=\"wp-block-quote is-layout-flow wp-block-quote-is-layout-flow\">\n<p>Reconoci\u00f3, en ese sentido, que su partido, <em><strong>Juntos por el Per\u00fa<\/strong><\/em>, no tendr\u00e1 <em>\u00abla capacidad de una mayor\u00eda parlamentaria en las dos c\u00e1maras\u00bb<\/em>, por lo que dijo que est\u00e1 convencido de que formar\u00e1 una coalici\u00f3n para <em>\u00ablograr una mayor\u00eda pol\u00edtica que nos permita cambios necesarios, frontales, contra la corrupci\u00f3n y la criminalidad, venga de donde venga\u00bb<\/em>.<\/p>\n<\/blockquote>\n<p><em><strong>\u00abSomos capaces de sentarnos con todo aquel compatriota peruano, por m\u00e1s grandes que sean las discrepancias, porque aqu\u00ed estamos primando la soluci\u00f3n de los grandes problemas\u00bb<\/strong><\/em>, remarc\u00f3.<\/p>\n<p>Explic\u00f3 que su objetivo es que un Gobierno suyo no represente solo el apoyo obtenido en la primera vuelta, que supera el <em><strong>12%<\/strong><\/em> de los votos, sino de \u00abun <em><strong>70<\/strong><\/em>, un <em><strong>80%<\/strong>\u00ab<\/em> de los ciudadanos y que <em>\u00abeso implica a otros sectores\u00bb<\/em>.<\/p>\n<p>Aunque el candidato remarc\u00f3 que se debe esperar a que los organismos electorales den los resultados al <strong><em>100%<\/em><\/strong> de la votaci\u00f3n, record\u00f3 que la segunda vuelta se celebrar\u00e1 el pr\u00f3ximo 7 de junio por lo que dijo que \u00abes evidente\u00bb que tiene \u00abque empezar ya\u00bb con su campa\u00f1a de alianzas y proselitismo pol\u00edtico.<\/p>\n<blockquote class=\"wp-block-quote is-layout-flow wp-block-quote-is-layout-flow\">\n<p><strong>S\u00e1nchez <\/strong>tambi\u00e9n dijo que su campa\u00f1a se har\u00e1 \u00absiempre en paz y con cero agresi\u00f3n y cero caer en provocaci\u00f3n\u00bb, a pesar de que consider\u00f3 que existe una \u00abvoluntad persistente\u00bb de sus opositores de hacer \u00abuna maniobra interpretativa para decir que hubo fraude\u00bb durante los comicios generales.<\/p>\n<\/blockquote>\n<p>Tambi\u00e9n agradeci\u00f3 <em>\u00abel punto de vista objetivo de la comunidad internacional que acompa\u00f1a como <strong>observadores<\/strong> este proceso\u00bb<\/em> y coincidi\u00f3 en que durante las elecciones hubo <em>\u00abirregularidad en la organizaci\u00f3n\u00bb.<\/em><\/p>\n<ul class=\"wp-block-list\">\n<li>El candidato asegur\u00f3 que ante este \u00abclima de polarizaci\u00f3n\u00bb en su pa\u00eds hace un llamado \u00aba la paz social\u00bb.<\/li>\n<\/ul>\n<p>Cuando ya se ha contado el <em>97,03%<\/em> de las actas, Fujimori ratifica su primer lugar, con el <em>17,11%<\/em> de los votos, seguida por <strong>S\u00e1nchez <\/strong>con el <em>12,04%<\/em>, y el ultraderechista Rafael L\u00f3pez Aliaga, con el <em>11,87%<\/em>, lo que implica una diferencia de 27.671 votos a favor del izquierdista en la segunda posici\u00f3n.<\/p>\n<\/div>\n","protected":false},"excerpt":{"rendered":"<p>El candidato izquierdista Roberto S\u00e1nchez afirm\u00f3 este jueves que est\u00e1 convencido de que lograr\u00e1 conformar una coalici\u00f3n pol\u00edtica para ganar la Presidencia de Per\u00fa en la segunda vuelta electoral del 7 de junio pr\u00f3ximo y contar con el apoyo del Senado y la c\u00e1mara de Diputados para aprobar las reformas que plantea aplicar en un<\/p>\n","protected":false},"author":1,"featured_media":38223,"comment_status":"open","ping_status":"open","sticky":false,"template":"","format":"standard","meta":{"footnotes":""},"categories":[3],"tags":[],"class_list":["post-38222","post","type-post","status-publish","format-standard","has-post-thumbnail","hentry","category-internacionales"],"_links":{"self":[{"href":"https:\/\/acronoticias.com\/index.php\/wp-json\/wp\/v2\/posts\/38222","targetHints":{"allow":["GET"]}}],"collection":[{"href":"https:\/\/acronoticias.com\/index.php\/wp-json\/wp\/v2\/posts"}],"about":[{"href":"https:\/\/acronoticias.com\/index.php\/wp-json\/wp\/v2\/types\/post"}],"author":[{"embeddable":true,"href":"https:\/\/acronoticias.com\/index.php\/wp-json\/wp\/v2\/users\/1"}],"replies":[{"embeddable":true,"href":"https:\/\/acronoticias.com\/index.php\/wp-json\/wp\/v2\/comments?post=38222"}],"version-history":[{"count":0,"href":"https:\/\/acronoticias.com\/index.php\/wp-json\/wp\/v2\/posts\/38222\/revisions"}],"wp:featuredmedia":[{"embeddable":true,"href":"https:\/\/acronoticias.com\/index.php\/wp-json\/wp\/v2\/media\/38223"}],"wp:attachment":[{"href":"https:\/\/acronoticias.com\/index.php\/wp-json\/wp\/v2\/media?parent=38222"}],"wp:term":[{"taxonomy":"category","embeddable":true,"href":"https:\/\/acronoticias.com\/index.php\/wp-json\/wp\/v2\/categories?post=38222"},{"taxonomy":"post_tag","embeddable":true,"href":"https:\/\/acronoticias.com\/index.php\/wp-json\/wp\/v2\/tags?post=38222"}],"curies":[{"name":"wp","href":"https:\/\/api.w.org\/{rel}","templated":true}]}}