{"id":38205,"date":"2026-04-30T19:42:56","date_gmt":"2026-04-30T19:42:56","guid":{"rendered":"https:\/\/acronoticias.com\/index.php\/2026\/04\/30\/francisco-fernandez-destaca-gestion-de-abinader-y-resalta-trabajo-de-betty-geronimo-en-sdn\/"},"modified":"2026-04-30T19:42:56","modified_gmt":"2026-04-30T19:42:56","slug":"francisco-fernandez-destaca-gestion-de-abinader-y-resalta-trabajo-de-betty-geronimo-en-sdn","status":"publish","type":"post","link":"https:\/\/acronoticias.com\/index.php\/2026\/04\/30\/francisco-fernandez-destaca-gestion-de-abinader-y-resalta-trabajo-de-betty-geronimo-en-sdn\/","title":{"rendered":"Francisco Fern\u00e1ndez destaca gesti\u00f3n de Abinader y resalta trabajo de Betty Ger\u00f3nimo en SDN"},"content":{"rendered":"<p><img decoding=\"async\" width=\"355\" height=\"200\" src=\"https:\/\/nuevodiario-assets.s3.us-east-2.amazonaws.com\/wp-content\/uploads\/2026\/04\/Francisco-Fernandez-355x200.jpeg\" class=\"webfeedsFeaturedVisual not-transparent wp-post-image\" alt=\"Francisco Fern\u00e1ndez, excalde de SDN. (Foto: El Nuevo Diario).\" style=\"--dominant-color: #a59193;margin-bottom: 5px;clear:both;max-width: 100%\" loading=\"lazy\" data-has-transparency=\"false\" data-dominant-color=\"a59193\" \/><\/p>\n<p>EL NUEVO DIARIO, SANTO DOMINGO.- El exalcalde de Santo Domingo Norte, Francisco Fern\u00e1ndez, afirm\u00f3 que el presidente Luis Abinader ha realizado una de las mayores inversiones en la provincia de Santo Domingo, destacando obras de infraestructura, desarrollo vial, proyectos inmobiliarios y el impulso econ\u00f3mico que, seg\u00fan explic\u00f3, est\u00e1n transformando la demarcaci\u00f3n.<\/p>\n<p>Fern\u00e1ndez asegur\u00f3 que la provincia se proyecta como uno de los principales polos de crecimiento del pa\u00eds, debido a su importancia econ\u00f3mica, su aporte al Producto Interno Bruto y su peso electoral a nivel nacional. Se\u00f1al\u00f3 que tanto Santo Domingo Este como Santo Domingo Norte viven un proceso de expansi\u00f3n con la llegada de grandes proyectos comerciales, residenciales y tur\u00edsticos.<\/p>\n<p>\u201cLuis Abinader ha hecho una inversi\u00f3n hist\u00f3rica en la provincia de Santo Domingo. Lo ha demostrado con obras, carreteras, asfaltado y proyectos que est\u00e1n cambiando por completo el desarrollo de esta zona\u201d, expres\u00f3.<\/p>\n<p>Fern\u00e1ndez ofreci\u00f3 estas declaraciones al ser entrevistado por Andy de Le\u00f3n, Franklin Trinidad y Rolando Campuzano, en el programa \u201cAgenda &amp; Sociedad\u201d transmitido a trav\u00e9s de la plataforma digital de El Nuevo Diario TV.<\/p>\n<p>(Ver programa)<\/p>\n<p><a href=\"https:\/\/elnuevodiario.com.do\/tv\/agenda-sociedad-francisco-fernandez-ex-alcalde-sdn\/\">Agenda &amp; Sociedad \u2013 Francisco Fern\u00e1ndez, Ex-Alcalde SDN \u2013 El Nuevo Diario (Rep\u00fablica Dominicana)<\/a><\/p>\n<p>El dirigente pol\u00edtico tambi\u00e9n resalt\u00f3 la labor de su esposa, la alcaldesa de Santo Domingo Norte, Betty Ger\u00f3nimo, a quien defini\u00f3 como una funcionaria comprometida con la transformaci\u00f3n del municipio y con una gesti\u00f3n enfocada en el fortalecimiento institucional y la cercan\u00eda con la gente.<\/p>\n<p>Indic\u00f3 que Ger\u00f3nimo ha trabajado para mejorar los servicios municipales, impulsar el orden territorial y mantener una administraci\u00f3n cercana a las comunidades, enfrentando los desaf\u00edos propios de una alcald\u00eda que, a su juicio, necesita mayor respaldo y fortalecimiento desde el \u00e1mbito nacional.<\/p>\n<p>Fern\u00e1ndez aprovech\u00f3 para referirse a la conmemoraci\u00f3n del D\u00eda de los Ayuntamientos, celebrado el pasado 24 de abril, se\u00f1alando que m\u00e1s que una fecha de celebraci\u00f3n, representa un momento de reflexi\u00f3n sobre la situaci\u00f3n actual de los gobiernos locales.<\/p>\n<p>\u201cEl D\u00eda de los Ayuntamientos debe ser una fecha para reflexionar, porque los municipios necesitan m\u00e1s apoyo. En lugar de fortalecer la municipalidad, muchas veces lo que vemos es un proceso de debilitamiento\u201d, manifest\u00f3.<\/p>\n<p>En ese sentido , sostuvo que el Partido Revolucionario Moderno mantiene su unidad interna y valor\u00f3 el liderazgo del presidente Abinader, a quien consider\u00f3 la figura con mayor capacidad para seguir guiando tanto los destinos del pa\u00eds como la consolidaci\u00f3n pol\u00edtica de la organizaci\u00f3n oficialista.<\/p>\n<p>Fern\u00e1ndez asegur\u00f3 que la estabilidad del PRM y la visi\u00f3n de desarrollo impulsada por el mandatario ser\u00e1n determinantes para el futuro pol\u00edtico y econ\u00f3mico de la provincia de Santo Domingo y del pa\u00eds.<\/p>\n<p>La entrada <a href=\"https:\/\/elnuevodiario.com.do\/francisco-fernandez-destaca-gestion-de-abinader-y-resalta-trabajo-de-betty-geronimo-en-sdn\/\">Francisco Fern\u00e1ndez destaca gesti\u00f3n de Abinader y resalta trabajo de Betty Ger\u00f3nimo en SDN<\/a> se public\u00f3 primero en <a href=\"https:\/\/elnuevodiario.com.do\">El Nuevo Diario (Rep\u00fablica Dominicana)<\/a>.<\/p>\n","protected":false},"excerpt":{"rendered":"<p>EL NUEVO DIARIO, SANTO DOMINGO.- El exalcalde de Santo Domingo Norte, Francisco Fern\u00e1ndez, afirm\u00f3 que el presidente Luis Abinader ha realizado una de las mayores inversiones en la provincia de Santo Domingo, destacando obras de infraestructura, desarrollo vial, proyectos inmobiliarios y el impulso econ\u00f3mico que, seg\u00fan explic\u00f3, est\u00e1n transformando la demarcaci\u00f3n. Fern\u00e1ndez asegur\u00f3 que la<\/p>\n","protected":false},"author":1,"featured_media":38206,"comment_status":"open","ping_status":"open","sticky":false,"template":"","format":"standard","meta":{"footnotes":""},"categories":[1],"tags":[],"class_list":["post-38205","post","type-post","status-publish","format-standard","has-post-thumbnail","hentry","category-nacionales"],"_links":{"self":[{"href":"https:\/\/acronoticias.com\/index.php\/wp-json\/wp\/v2\/posts\/38205","targetHints":{"allow":["GET"]}}],"collection":[{"href":"https:\/\/acronoticias.com\/index.php\/wp-json\/wp\/v2\/posts"}],"about":[{"href":"https:\/\/acronoticias.com\/index.php\/wp-json\/wp\/v2\/types\/post"}],"author":[{"embeddable":true,"href":"https:\/\/acronoticias.com\/index.php\/wp-json\/wp\/v2\/users\/1"}],"replies":[{"embeddable":true,"href":"https:\/\/acronoticias.com\/index.php\/wp-json\/wp\/v2\/comments?post=38205"}],"version-history":[{"count":0,"href":"https:\/\/acronoticias.com\/index.php\/wp-json\/wp\/v2\/posts\/38205\/revisions"}],"wp:featuredmedia":[{"embeddable":true,"href":"https:\/\/acronoticias.com\/index.php\/wp-json\/wp\/v2\/media\/38206"}],"wp:attachment":[{"href":"https:\/\/acronoticias.com\/index.php\/wp-json\/wp\/v2\/media?parent=38205"}],"wp:term":[{"taxonomy":"category","embeddable":true,"href":"https:\/\/acronoticias.com\/index.php\/wp-json\/wp\/v2\/categories?post=38205"},{"taxonomy":"post_tag","embeddable":true,"href":"https:\/\/acronoticias.com\/index.php\/wp-json\/wp\/v2\/tags?post=38205"}],"curies":[{"name":"wp","href":"https:\/\/api.w.org\/{rel}","templated":true}]}}