{"id":38201,"date":"2026-04-30T19:26:36","date_gmt":"2026-04-30T19:26:36","guid":{"rendered":"https:\/\/acronoticias.com\/index.php\/2026\/04\/30\/minerd-e-inaipi-inician-construccion-de-centro-para-250-ninos-en-boca-chica\/"},"modified":"2026-04-30T19:26:36","modified_gmt":"2026-04-30T19:26:36","slug":"minerd-e-inaipi-inician-construccion-de-centro-para-250-ninos-en-boca-chica","status":"publish","type":"post","link":"https:\/\/acronoticias.com\/index.php\/2026\/04\/30\/minerd-e-inaipi-inician-construccion-de-centro-para-250-ninos-en-boca-chica\/","title":{"rendered":"Minerd e Inaipi inician construcci\u00f3n de centro para 250 ni\u00f1os en Boca Chica"},"content":{"rendered":"<p><img decoding=\"async\" width=\"355\" height=\"200\" src=\"https:\/\/nuevodiario-assets.s3.us-east-2.amazonaws.com\/wp-content\/uploads\/2026\/04\/Minerd-e-Inaipi-inician-construccion-de-centro-para-250-ninos-en-Boca-Chica-355x200.jpeg\" class=\"webfeedsFeaturedVisual not-transparent wp-post-image\" alt=\"\" style=\"--dominant-color: #847f79;margin-bottom: 5px;clear:both;max-width: 100%\" loading=\"lazy\" data-has-transparency=\"false\" data-dominant-color=\"847f79\" \/><\/p>\n<p>EL NUEVO DIARIO, SANTO DOMINGO. \u2013 El Ministerio de Educaci\u00f3n (Minerd) y el Instituto Nacional de Atenci\u00f3n Integral a la Primera Infancia (Inaipi) dieron este jueves el primer picazo para la construcci\u00f3n de un Centro de Atenci\u00f3n Integral a la Primera Infancia (Caipi) que atender\u00e1 a 250 ni\u00f1os y ni\u00f1as en condiciones de vulnerabilidad en el sector Los Botados de Andr\u00e9s, en Boca Chica.<\/p>\n<p>El acto fue encabezado por el director de Infraestructura Escolar, Roberto Herrera, junto a la directora ejecutiva del Instituto Nacional de Atenci\u00f3n Integral a la Primera Infancia, Josefa Castillo Rodr\u00edguez, seg\u00fan detalla un comunicado de prensa.<\/p>\n<p>Durante la actividad, las autoridades tambi\u00e9n dejaron iniciado el proceso de construcci\u00f3n de un nuevo polit\u00e9cnico y un centro del Instituto Nacional de Formaci\u00f3n T\u00e9cnico Profesional, en los terrenos de la Antigua S\u00e9ptima, ubicados en la intersecci\u00f3n de la calle Mella y la marginal Las Am\u00e9ricas, en esa localidad.<\/p>\n<figure id=\"attachment_3103586\" aria-describedby=\"caption-attachment-3103586\" style=\"width: 2560px\" class=\"wp-caption alignnone\"><img loading=\"lazy\" decoding=\"async\" data-recalc-dims=\"1\" data-dominant-color=\"969292\" data-has-transparency=\"false\" style=\"--dominant-color: #969292\" class=\"wp-image-3103586 size-full not-transparent\" src=\"https:\/\/i0.wp.com\/nuevodiario-assets.s3.us-east-2.amazonaws.com\/wp-content\/uploads\/2026\/04\/Minerd-e-Inaipi-inician-construccion-de-centro-para-250-ninos-en-Boca-Chica-3.jpeg?resize=640%2C427&#038;quality=100&#038;ssl=1\" alt=\"\" width=\"640\" height=\"427\" \/><figcaption id=\"caption-attachment-3103586\" class=\"wp-caption-text\">Minerd e Inaipi inician construcci\u00f3n de centro para 250 ni\u00f1os en Boca Chica. (Foto: Inaipi).<\/figcaption><\/figure>\n<p>En ese sentido, Herrera indic\u00f3 que las obras responden a necesidades del municipio y forman parte de las acciones impulsadas por el Gobierno.<\/p>\n<p>De su lado, Castillo Rodr\u00edguez inform\u00f3 que, con este nuevo centro y otro en construcci\u00f3n frente a La Playita, se proyecta beneficiar a unos 500 ni\u00f1os y ni\u00f1as, impactando a cerca de 400 familias. Agreg\u00f3 que a esta cobertura se suma el Caipi El Ingenio, que atiende a 120 menores.<\/p>\n<figure id=\"attachment_3103585\" aria-describedby=\"caption-attachment-3103585\" style=\"width: 2560px\" class=\"wp-caption alignnone\"><img loading=\"lazy\" decoding=\"async\" data-recalc-dims=\"1\" data-dominant-color=\"948b8a\" data-has-transparency=\"false\" style=\"--dominant-color: #948b8a\" class=\"wp-image-3103585 size-full not-transparent\" src=\"https:\/\/i0.wp.com\/nuevodiario-assets.s3.us-east-2.amazonaws.com\/wp-content\/uploads\/2026\/04\/Minerd-e-Inaipi-inician-construccion-de-centro-para-250-ninos-en-Boca-Chica-2.jpeg?resize=640%2C427&#038;quality=100&#038;ssl=1\" alt=\"\" width=\"640\" height=\"427\" \/><figcaption id=\"caption-attachment-3103585\" class=\"wp-caption-text\">Minerd e Inaipi inician construcci\u00f3n de centro para 250 ni\u00f1os en Boca Chica. (Foto: Inaipi).<\/figcaption><\/figure>\n<p>En el acto participaron el alcalde de Boca Chica, Ram\u00f3n Candelaria; el presidente del Partido Revolucionario Moderno, V\u00edctor Henr\u00edquez; y el periodista Jos\u00e9 Beato, as\u00ed como representantes comunitarios, autoridades locales, estudiantes y contratistas vinculados a las obras.<\/p>\n<p>NLP\/<\/p>\n<p>La entrada <a href=\"https:\/\/elnuevodiario.com.do\/minerd-e-inaipi-inician-construccion-de-centro-para-250-ninos-en-boca-chica\/\">Minerd e Inaipi inician construcci\u00f3n de centro para 250 ni\u00f1os en Boca Chica<\/a> se public\u00f3 primero en <a href=\"https:\/\/elnuevodiario.com.do\">El Nuevo Diario (Rep\u00fablica Dominicana)<\/a>.<\/p>\n","protected":false},"excerpt":{"rendered":"<p>EL NUEVO DIARIO, SANTO DOMINGO. \u2013 El Ministerio de Educaci\u00f3n (Minerd) y el Instituto Nacional de Atenci\u00f3n Integral a la Primera Infancia (Inaipi) dieron este jueves el primer picazo para la construcci\u00f3n de un Centro de Atenci\u00f3n Integral a la Primera Infancia (Caipi) que atender\u00e1 a 250 ni\u00f1os y ni\u00f1as en condiciones de vulnerabilidad en<\/p>\n","protected":false},"author":1,"featured_media":38202,"comment_status":"open","ping_status":"open","sticky":false,"template":"","format":"standard","meta":{"footnotes":""},"categories":[1],"tags":[],"class_list":["post-38201","post","type-post","status-publish","format-standard","has-post-thumbnail","hentry","category-nacionales"],"_links":{"self":[{"href":"https:\/\/acronoticias.com\/index.php\/wp-json\/wp\/v2\/posts\/38201","targetHints":{"allow":["GET"]}}],"collection":[{"href":"https:\/\/acronoticias.com\/index.php\/wp-json\/wp\/v2\/posts"}],"about":[{"href":"https:\/\/acronoticias.com\/index.php\/wp-json\/wp\/v2\/types\/post"}],"author":[{"embeddable":true,"href":"https:\/\/acronoticias.com\/index.php\/wp-json\/wp\/v2\/users\/1"}],"replies":[{"embeddable":true,"href":"https:\/\/acronoticias.com\/index.php\/wp-json\/wp\/v2\/comments?post=38201"}],"version-history":[{"count":0,"href":"https:\/\/acronoticias.com\/index.php\/wp-json\/wp\/v2\/posts\/38201\/revisions"}],"wp:featuredmedia":[{"embeddable":true,"href":"https:\/\/acronoticias.com\/index.php\/wp-json\/wp\/v2\/media\/38202"}],"wp:attachment":[{"href":"https:\/\/acronoticias.com\/index.php\/wp-json\/wp\/v2\/media?parent=38201"}],"wp:term":[{"taxonomy":"category","embeddable":true,"href":"https:\/\/acronoticias.com\/index.php\/wp-json\/wp\/v2\/categories?post=38201"},{"taxonomy":"post_tag","embeddable":true,"href":"https:\/\/acronoticias.com\/index.php\/wp-json\/wp\/v2\/tags?post=38201"}],"curies":[{"name":"wp","href":"https:\/\/api.w.org\/{rel}","templated":true}]}}