{"id":38199,"date":"2026-04-30T19:22:49","date_gmt":"2026-04-30T19:22:49","guid":{"rendered":"https:\/\/acronoticias.com\/index.php\/2026\/04\/30\/informe-revela-brechas-criticas-en-la-distribucion-del-personal-sanitario-en-9-paises\/"},"modified":"2026-04-30T19:22:49","modified_gmt":"2026-04-30T19:22:49","slug":"informe-revela-brechas-criticas-en-la-distribucion-del-personal-sanitario-en-9-paises","status":"publish","type":"post","link":"https:\/\/acronoticias.com\/index.php\/2026\/04\/30\/informe-revela-brechas-criticas-en-la-distribucion-del-personal-sanitario-en-9-paises\/","title":{"rendered":"Informe revela brechas cr\u00edticas en la distribuci\u00f3n del personal sanitario en 9 pa\u00edses"},"content":{"rendered":"<div>\n<div class=\"c-detail__author full\">\n<div>\n<div class=\"c-detail__author__thumb\">\n<figure>\n                                <picture src=\"https:\/\/imagenes.hoy.com.do\/files\/image_square_xs\/uploads\/2025\/11\/10\/6911b3b5d935b.png\" data-size=\"w:40,h:40\">\n                                    <img decoding=\"async\" loading=\"lazy\" alt=\"Hoy .\" width=\"40\" height=\"40\" src=\"https:\/\/imagenes.hoy.com.do\/files\/image_square_xs\/uploads\/2025\/11\/10\/6911b3b5d935b.png\"\/>\n                                <\/picture>\n                                <\/figure>\n<\/div>\n<\/div>\n<\/div>\n<p>                                                                                            <!-- --><\/p>\n<p class=\"paragraph\">Washington, DC, 29 de abril de 2026 (OPS)- La <b>Organizaci\u00f3n Panamericana de la Salud<\/b> (OPS) advirti\u00f3 hoy que persisten <b>desigualdades cr\u00edticas<\/b> en la<b> disponibilidad y distribuci\u00f3n<\/b> del personal de salud en Sudam\u00e9rica, con una marcada concentraci\u00f3n en capitales y grandes ciudades y escasez en zonas rurales y desatendidas, seg\u00fan un nuevo informe regional.<\/p>\n<p class=\"paragraph\">El informe, Panorama del mercado laboral de la salud en nueve pa\u00edses de Am\u00e9rica del Sur, analiza la situaci\u00f3n en Argentina, Bolivia, Brasil, Chile, Colombia, Ecuador, Paraguay, Per\u00fa y Uruguay, y ofrece por primera vez un panorama comparativo de las principales desigualdades que afectan el funcionamiento de los sistemas de salud en la subregi\u00f3n.<\/p>\n<p class=\"paragraph\">Las brechas identificadas impactan directamente en la disponibilidad de<b> especialistas, la continuidad de los servicios<\/b> y la capacidad de los sistemas de salud para <b>responder a las necesidades <\/b>de la poblaci\u00f3n, en particular en el primer nivel de atenci\u00f3n.<\/p>\n<p class=\"paragraph\">\u201cLa regi\u00f3n no podr\u00e1 avanzar hacia sistemas de salud m\u00e1s equitativos si no se abordan las brechas en disponibilidad, distribuci\u00f3n y condiciones laborales del personal de salud\u201d, dijo el doctor Jarbas Barbosa, Director de la OPS. \u201cEste informe ofrece evidencia clave para orientar decisiones de pol\u00edtica p\u00fablica a fin de fortalecer la capacidad de los sistemas de salud para responder de manera oportuna y equitativa\u201d, a\u00f1adi\u00f3.<\/p>\n<div class=\"c-detail__box \">\n<article class=\"c-detail__sumario \">\n<figure class=\"c-detail__sumario__thumb\" style=\"display: block;\">\n            <a href=\"#\" title=\"\">\n                <picture data-size=\"w:140,h:140\" loading=\"lazy\" src=\"https:\/\/imagenes.hoy.com.do\/files\/related_image\/uploads\/2026\/04\/30\/69f35211e3bcf.jpeg\" data-full-src=\"https:\/\/imagenes.hoy.com.do\/uploads\/2026\/04\/30\/69f35211e3bcf.jpeg\">\n                    <img loading=\"lazy\" decoding=\"async\" width=\"140\" height=\"140\" alt=\"Fuente externa\" src=\"https:\/\/imagenes.hoy.com.do\/uploads\/2026\/04\/30\/69f35211e3bcf.jpeg\"\/>\n                <\/picture>\n            <\/a><br \/>\n        <\/figure>\n<\/article>\n<\/div>\n<p class=\"paragraph\">El an\u00e1lisis identifica desaf\u00edos comunes en los nueve pa\u00edses, entre ellos el pluriempleo creciente, la migraci\u00f3n del personal sanitario, la concentraci\u00f3n en las \u00e1reas urbanas, la desalineaci\u00f3n entre la oferta educativa y las necesidades de los sistemas de salud, y las marcadas diferencias en las condiciones laborales entre sectores y territorios.<\/p>\n<p class=\"paragraph\">Las densidades de recursos humanos para la salud var\u00edan ampliamente entre pa\u00edses, desde menos de 40 profesionales por cada 10.000 habitantes en algunos contextos hasta cerca de 118 en otros, lo que refleja las asimetr\u00edas regionales.<\/p>\n<p class=\"paragraph\">Entre los principales hallazgos por pa\u00eds, el informe destaca que:<\/p>\n<div class=\"paragraph\">\n<ul>\n<li><b>Argentina<\/b> presenta una fuerte concentraci\u00f3n de m\u00e9dicos en Buenos Aires, brechas crecientes en residencias y pluriempleo significativo.<\/li>\n<li><b>Bolivia <\/b>concentra el 73% del personal en tres departamentos y enfrenta dificultades persistentes para retener profesionales en zonas rurales.<\/li>\n<li><b>Brasil <\/b>muestra grandes desigualdades entre regiones, con menor disponibilidad en el norte y nordeste, y alta proporci\u00f3n de contratos m\u00faltiples.<\/li>\n<li><b>Chile<\/b> registra d\u00e9ficit de especialistas y dificultades para cubrir vacantes en zonas extremas.<\/li>\n<li><b>Colombia<\/b> presenta brechas territoriales marcadas, necesidad de fortalecer equipos b\u00e1sicos y una oferta educativa concentrada en grandes ciudades.<\/li>\n<li><b>Ecuador<\/b> enfrenta alta rotaci\u00f3n en zonas remotas y concentraci\u00f3n del personal en Quito, Guayaquil y Cuenca.<\/li>\n<li><b>Paraguay <\/b>mantiene vacantes sin cubrir en el sector p\u00fablico y baja formaci\u00f3n en medicina familiar.<\/li>\n<li><b>Per\u00fa <\/b>concentra el 85% del personal en zonas urbanas y presenta un d\u00e9ficit estimado de m\u00e1s de 54.000 trabajadores de salud.<\/li>\n<li><b>Uruguay<\/b> registra alta concentraci\u00f3n en Montevideo y diferencias salariales entre sectores.<\/li>\n<\/ul>\n<\/div>\n<p class=\"paragraph\">\u201cLos pa\u00edses necesitan sistemas de informaci\u00f3n m\u00e1s s\u00f3lidos y pol\u00edticas integrales que aborden simult\u00e1neamente la formaci\u00f3n, contrataci\u00f3n, distribuci\u00f3n y retenci\u00f3n del personal de salud\u201d, se\u00f1al\u00f3 James Fitzgerald, Director de Sistemas y Servicios de Salud de la OPS.<\/p>\n<p class=\"paragraph\">La OPS insta a los gobiernos de la regi\u00f3n a invertir en la formaci\u00f3n y retenci\u00f3n del personal de salud, mejorar las condiciones laborales y fortalecer la planificaci\u00f3n del personal sanitario, con especial atenci\u00f3n al primer nivel de atenci\u00f3n y a las zonas con mayores necesidades.<\/p>\n<p class=\"paragraph\">El informe tambi\u00e9n subraya la importancia de coordinar acciones entre los sectores de salud, educaci\u00f3n y finanzas, as\u00ed como de promover pol\u00edticas de migraci\u00f3n \u00e9tica que protejan tanto a los trabajadores de la salud como a los sistemas sanitarios.<\/p>\n<p class=\"paragraph\">A cinco a\u00f1os del cumplimiento de los Objetivos de Desarrollo Sostenible (ODS), la OPS reafirma que colocar al personal de salud en el centro de las decisiones de pol\u00edtica p\u00fablica es clave para avanzar hacia la cobertura universal de salud.<\/p>\n<\/p><\/div>\n","protected":false},"excerpt":{"rendered":"<p>Washington, DC, 29 de abril de 2026 (OPS)- La Organizaci\u00f3n Panamericana de la Salud (OPS) advirti\u00f3 hoy que persisten desigualdades cr\u00edticas en la disponibilidad y distribuci\u00f3n del personal de salud en Sudam\u00e9rica, con una marcada concentraci\u00f3n en capitales y grandes ciudades y escasez en zonas rurales y desatendidas, seg\u00fan un nuevo informe regional. El informe,<\/p>\n","protected":false},"author":1,"featured_media":38200,"comment_status":"open","ping_status":"open","sticky":false,"template":"","format":"standard","meta":{"footnotes":""},"categories":[3],"tags":[],"class_list":["post-38199","post","type-post","status-publish","format-standard","has-post-thumbnail","hentry","category-internacionales"],"_links":{"self":[{"href":"https:\/\/acronoticias.com\/index.php\/wp-json\/wp\/v2\/posts\/38199","targetHints":{"allow":["GET"]}}],"collection":[{"href":"https:\/\/acronoticias.com\/index.php\/wp-json\/wp\/v2\/posts"}],"about":[{"href":"https:\/\/acronoticias.com\/index.php\/wp-json\/wp\/v2\/types\/post"}],"author":[{"embeddable":true,"href":"https:\/\/acronoticias.com\/index.php\/wp-json\/wp\/v2\/users\/1"}],"replies":[{"embeddable":true,"href":"https:\/\/acronoticias.com\/index.php\/wp-json\/wp\/v2\/comments?post=38199"}],"version-history":[{"count":0,"href":"https:\/\/acronoticias.com\/index.php\/wp-json\/wp\/v2\/posts\/38199\/revisions"}],"wp:featuredmedia":[{"embeddable":true,"href":"https:\/\/acronoticias.com\/index.php\/wp-json\/wp\/v2\/media\/38200"}],"wp:attachment":[{"href":"https:\/\/acronoticias.com\/index.php\/wp-json\/wp\/v2\/media?parent=38199"}],"wp:term":[{"taxonomy":"category","embeddable":true,"href":"https:\/\/acronoticias.com\/index.php\/wp-json\/wp\/v2\/categories?post=38199"},{"taxonomy":"post_tag","embeddable":true,"href":"https:\/\/acronoticias.com\/index.php\/wp-json\/wp\/v2\/tags?post=38199"}],"curies":[{"name":"wp","href":"https:\/\/api.w.org\/{rel}","templated":true}]}}