{"id":38189,"date":"2026-04-30T18:22:38","date_gmt":"2026-04-30T18:22:38","guid":{"rendered":"https:\/\/acronoticias.com\/index.php\/2026\/04\/30\/digeig-concluye-semana-de-la-etica-con-la-entrega-del-premio-nacional-de-periodismo-de-datos\/"},"modified":"2026-04-30T18:22:38","modified_gmt":"2026-04-30T18:22:38","slug":"digeig-concluye-semana-de-la-etica-con-la-entrega-del-premio-nacional-de-periodismo-de-datos","status":"publish","type":"post","link":"https:\/\/acronoticias.com\/index.php\/2026\/04\/30\/digeig-concluye-semana-de-la-etica-con-la-entrega-del-premio-nacional-de-periodismo-de-datos\/","title":{"rendered":"Digeig concluye Semana de la \u00c9tica con la entrega del Premio Nacional de Periodismo de Datos"},"content":{"rendered":"<p><img decoding=\"async\" width=\"355\" height=\"200\" src=\"https:\/\/nuevodiario-assets.s3.us-east-2.amazonaws.com\/wp-content\/uploads\/2026\/04\/la-Semana-de-la-Etica-2026-3-355x200.jpg\" class=\"webfeedsFeaturedVisual not-transparent wp-post-image\" alt=\"\" style=\"--dominant-color: #817cd2;margin-bottom: 5px;clear:both;max-width: 100%\" loading=\"lazy\" data-has-transparency=\"false\" data-dominant-color=\"817cd2\" \/><\/p>\n<p>EL NUEVO DIARIO, SANTO DOMINGO.\u2014 La Direcci\u00f3n General de \u00c9tica e Integridad Gubernamental (Digeig) entreg\u00f3 la s\u00e9ptima edici\u00f3n del Premio Nacional de Periodismo de Datos, reafirmando su compromiso con la promoci\u00f3n de la transparencia, el acceso a la informaci\u00f3n p\u00fablica y el fortalecimiento de un periodismo basado en evidencia.<\/p>\n<p>La actividad, concebida como uno de los actos centrales de clausura de esta jornada nacional dedicada a los valores \u00e9ticos, sirvi\u00f3 de escenario para reconocer trabajos period\u00edsticos de alto impacto social, sustentados en el an\u00e1lisis de datos con \u00e9tica e integridad y el uso de fuentes oficiales del Estado dominicano.<\/p>\n<p>La directora general de la Digeig, Milagros Ortiz Bosch resalt\u00f3 que el periodismo de datos constituye una herramienta fundamental para fortalecer la democracia y la confianza ciudadana en las instituciones p\u00fablicas.<\/p>\n<figure id=\"attachment_3103449\" aria-describedby=\"caption-attachment-3103449\" style=\"width: 1600px\" class=\"wp-caption alignnone\"><img loading=\"lazy\" decoding=\"async\" data-recalc-dims=\"1\" data-dominant-color=\"817bab\" data-has-transparency=\"false\" style=\"--dominant-color: #817bab\" class=\"size-full wp-image-3103449 not-transparent\" src=\"https:\/\/i0.wp.com\/nuevodiario-assets.s3.us-east-2.amazonaws.com\/wp-content\/uploads\/2026\/04\/la-Semana-de-la-Etica-2026-4.jpg?resize=640%2C427&#038;quality=100&#038;ssl=1\" alt=\"\" width=\"640\" height=\"427\" \/><figcaption id=\"caption-attachment-3103449\" class=\"wp-caption-text\"><em><strong>(Foto: Digeig)<\/strong><\/em><\/figcaption><\/figure>\n<p>\u201cCuando la informaci\u00f3n p\u00fablica se transforma en conocimiento \u00fatil para la ciudadan\u00eda, se fortalece la transparencia y se consolida una democracia m\u00e1s participativa. El periodismo de datos permite que la verdad se sustente en hechos verificables y no en percepciones\u201d, expres\u00f3 Ortiz Bosch, seg\u00fan se\u00f1ala una nota de prensa.<\/p>\n<p>Asimismo, afirm\u00f3 que \u00abdesde la Digeig seguimos impulsando mecanismos que garanticen el acceso a la informaci\u00f3n, cumpliendo as\u00ed el derecho que tiene el ciudadano a buscar informaciones y el deber del gobierno a informar\u00bb.<\/p>\n<figure id=\"attachment_3103450\" aria-describedby=\"caption-attachment-3103450\" style=\"width: 1280px\" class=\"wp-caption alignnone\"><img loading=\"lazy\" decoding=\"async\" data-recalc-dims=\"1\" data-dominant-color=\"8693de\" data-has-transparency=\"false\" style=\"--dominant-color: #8693de\" class=\"size-full wp-image-3103450 not-transparent\" src=\"https:\/\/i0.wp.com\/nuevodiario-assets.s3.us-east-2.amazonaws.com\/wp-content\/uploads\/2026\/04\/la-Semana-de-la-Etica-2026-5.jpg?resize=640%2C427&#038;quality=100&#038;ssl=1\" alt=\"\" width=\"640\" height=\"427\" \/><figcaption id=\"caption-attachment-3103450\" class=\"wp-caption-text\"><em><strong>(Foto: Digeig)<\/strong><\/em><\/figcaption><\/figure>\n<p>Con Periodismo de Datos se fortalece la cultura de transparencia en la Rep\u00fablica Dominicana, fomentando el uso de herramientas como el Portal de Datos Abiertos, los portales de transparencia institucional y el Sistema de Acceso a la Informaci\u00f3n (SAIP). A trav\u00e9s de estos mecanismos, la Digeig impulsa el ejercicio del derecho ciudadano a saber y el deber del Estado de rendir cuentas.<\/p>\n<p>El responsable de Datos Abiertos Digeig, Jos\u00e9 \u00c1ngel Reynoso, durante el evento tambi\u00e9n se presentaron los avances en la evoluci\u00f3n y cumplimiento de los Planes de Apertura de Datos de la Rep\u00fablica Dominicana, destacando mejoras en la disponibilidad, calidad y uso estrat\u00e9gico de la informaci\u00f3n p\u00fablica. Asimismo, fueron reconocidas diversas instituciones por su cumplimiento de est\u00e1ndares de transparencia, como parte de un esfuerzo continuo por consolidar una gesti\u00f3n p\u00fablica m\u00e1s abierta, eficiente y responsable.<\/p>\n<figure id=\"attachment_3103447\" aria-describedby=\"caption-attachment-3103447\" style=\"width: 1600px\" class=\"wp-caption alignnone\"><img decoding=\"async\" data-recalc-dims=\"1\" data-dominant-color=\"8486c8\" data-has-transparency=\"false\" style=\"--dominant-color: #8486c8\" loading=\"lazy\" class=\"size-full wp-image-3103447 not-transparent\" src=\"https:\/\/i0.wp.com\/nuevodiario-assets.s3.us-east-2.amazonaws.com\/wp-content\/uploads\/2026\/04\/la-Semana-de-la-Etica-2026-2.jpg?resize=640%2C427&#038;quality=100&#038;ssl=1\" alt=\"\" width=\"640\" height=\"427\" \/><figcaption id=\"caption-attachment-3103447\" class=\"wp-caption-text\"><em><strong>(Foto: Digeig)<\/strong><\/em><\/figcaption><\/figure>\n<p>Datos.gob.do, es una plataforma permite explorar la informaci\u00f3n a trav\u00e9s de diversas categor\u00edas tem\u00e1ticas, facilitando el acceso a datos organizados seg\u00fan \u00e1reas de inter\u00e9s. Entre ellas se destacan Gesti\u00f3n P\u00fablica con 387 conjuntos, Sociedad y bienestar con 245, Econom\u00eda con 103 y Salud con 61.<\/p>\n<p><strong>Ganadores de la 7ma. Edici\u00f3n<\/strong><\/p>\n<p>El m\u00e1ximo galard\u00f3n, en la categor\u00eda Diamante, fue otorgado a la periodista Eliana Ledesma, por su investigaci\u00f3n \u201cIglesias fueron exoneradas de casi RD$300 millones en impuestos por veh\u00edculos\u201d. El trabajo revela que, en los \u00faltimos cuatro a\u00f1os, distintas iglesias han importado unidades por m\u00e1s de RD$713 millones, incluyendo veh\u00edculos de lujo, benefici\u00e1ndose de exenciones fiscales contempladas en el r\u00e9gimen vigente.<\/p>\n<p>El segundo lugar fue para el periodista Joan Vallejo, con el reportaje \u201cFeminicidio en cifras: tragedia humana y econ\u00f3mica que estremece a la sociedad\u201d, publicado en el peri\u00f3dico El Dinero. La investigaci\u00f3n documenta que, solo en el primer semestre de 2025, se registraron 37,094 denuncias por violencia de g\u00e9nero, intrafamiliar y delitos sexuales, seg\u00fan datos oficiales.<\/p>\n<p>En la categor\u00eda Plata fue reconocido el periodista Luis Flores, por su trabajo \u201cPersonas con discapacidad y empleo: inclusi\u00f3n que genera valor\u201d, tambi\u00e9n difundido en El Dinero. El reportaje analiza las barreras que enfrentan las personas con discapacidad para acceder al empleo formal, en un contexto donde cerca de 478,300 ciudadanos viven con alguna condici\u00f3n, a pesar de la existencia de leyes que promueven su inclusi\u00f3n laboral.<\/p>\n<p>Con esta s\u00e9ptima edici\u00f3n, celebrada como acto de cierre de la Semana de la \u00c9tica 2026, la Digeig reafirma su rol como promotora de la integridad, la participaci\u00f3n ciudadana y la rendici\u00f3n de cuentas, impulsando un periodismo de datos que contribuya a una sociedad m\u00e1s informada, cr\u00edtica y democr\u00e1tica.<\/p>\n<p><strong>Instituciones reconocidas<\/strong><\/p>\n<p>En ese orden, fueron reconocidas las instituciones que se destacan por la relevancia de los datos liberados, garantizar el derecho ciudadano al Libre Acceso a la Informaci\u00f3n P\u00fablica y por la relevancia de los datos p\u00fablicos liberados en formatos abiertos en el Portal Nacional de Datos Abiertos de la Rep\u00fablica Dominicana, facilitando el acceso, uso, reutilizaci\u00f3n y redistribuci\u00f3n, en el marco del D\u00eda Internacional de los Datos Abiertos, contribuyendo al fortalecimiento de la democracia, ya que no existe democracia sin libertad de informaci\u00f3n.<\/p>\n<p>Las instituciones reconocidas fueron: el Instituto Dominicano de Aviaci\u00f3n Civil (IDAC), el Servicio Nacional de Protecci\u00f3n Ambiental (Senpa), el Cuerpo Especializado de Seguridad Portuaria (Cesep), la Direcci\u00f3n Nacional de Control de Drogas (DNCD) y el Servicio Geol\u00f3gico Nacional (SGN).<\/p>\n<p>La entrada <a href=\"https:\/\/elnuevodiario.com.do\/digeig-concluye-semana-de-la-etica-con-la-entrega-del-premio-nacional-de-periodismo-de-datos\/\">Digeig concluye Semana de la \u00c9tica con la entrega del Premio Nacional de Periodismo de Datos<\/a> se public\u00f3 primero en <a href=\"https:\/\/elnuevodiario.com.do\">El Nuevo Diario (Rep\u00fablica Dominicana)<\/a>.<\/p>\n","protected":false},"excerpt":{"rendered":"<p>EL NUEVO DIARIO, SANTO DOMINGO.\u2014 La Direcci\u00f3n General de \u00c9tica e Integridad Gubernamental (Digeig) entreg\u00f3 la s\u00e9ptima edici\u00f3n del Premio Nacional de Periodismo de Datos, reafirmando su compromiso con la promoci\u00f3n de la transparencia, el acceso a la informaci\u00f3n p\u00fablica y el fortalecimiento de un periodismo basado en evidencia. La actividad, concebida como uno de<\/p>\n","protected":false},"author":1,"featured_media":38190,"comment_status":"open","ping_status":"open","sticky":false,"template":"","format":"standard","meta":{"footnotes":""},"categories":[1],"tags":[],"class_list":["post-38189","post","type-post","status-publish","format-standard","has-post-thumbnail","hentry","category-nacionales"],"_links":{"self":[{"href":"https:\/\/acronoticias.com\/index.php\/wp-json\/wp\/v2\/posts\/38189","targetHints":{"allow":["GET"]}}],"collection":[{"href":"https:\/\/acronoticias.com\/index.php\/wp-json\/wp\/v2\/posts"}],"about":[{"href":"https:\/\/acronoticias.com\/index.php\/wp-json\/wp\/v2\/types\/post"}],"author":[{"embeddable":true,"href":"https:\/\/acronoticias.com\/index.php\/wp-json\/wp\/v2\/users\/1"}],"replies":[{"embeddable":true,"href":"https:\/\/acronoticias.com\/index.php\/wp-json\/wp\/v2\/comments?post=38189"}],"version-history":[{"count":0,"href":"https:\/\/acronoticias.com\/index.php\/wp-json\/wp\/v2\/posts\/38189\/revisions"}],"wp:featuredmedia":[{"embeddable":true,"href":"https:\/\/acronoticias.com\/index.php\/wp-json\/wp\/v2\/media\/38190"}],"wp:attachment":[{"href":"https:\/\/acronoticias.com\/index.php\/wp-json\/wp\/v2\/media?parent=38189"}],"wp:term":[{"taxonomy":"category","embeddable":true,"href":"https:\/\/acronoticias.com\/index.php\/wp-json\/wp\/v2\/categories?post=38189"},{"taxonomy":"post_tag","embeddable":true,"href":"https:\/\/acronoticias.com\/index.php\/wp-json\/wp\/v2\/tags?post=38189"}],"curies":[{"name":"wp","href":"https:\/\/api.w.org\/{rel}","templated":true}]}}