{"id":38187,"date":"2026-04-30T18:21:37","date_gmt":"2026-04-30T18:21:37","guid":{"rendered":"https:\/\/acronoticias.com\/index.php\/2026\/04\/30\/despego-el-primer-vuelo-directo-entre-ee-uu-y-venezuela-tras-siete-anos-de-complicaciones\/"},"modified":"2026-04-30T18:21:37","modified_gmt":"2026-04-30T18:21:37","slug":"despego-el-primer-vuelo-directo-entre-ee-uu-y-venezuela-tras-siete-anos-de-complicaciones","status":"publish","type":"post","link":"https:\/\/acronoticias.com\/index.php\/2026\/04\/30\/despego-el-primer-vuelo-directo-entre-ee-uu-y-venezuela-tras-siete-anos-de-complicaciones\/","title":{"rendered":"Despeg\u00f3 el primer vuelo directo entre EE.UU. y Venezuela tras siete a\u00f1os de complicaciones"},"content":{"rendered":"<div>\n<div class=\"c-detail__author full\">\n<div>\n<div class=\"c-detail__author__thumb\">\n<figure>\n                                <picture src=\"https:\/\/imagenes.hoy.com.do\/files\/image_square_xs\/uploads\/2025\/11\/18\/691c7d5bed035.jpeg\" data-size=\"w:40,h:40\">\n                                    <img decoding=\"async\" loading=\"lazy\" alt=\"EFE EFE\" width=\"40\" height=\"40\" src=\"https:\/\/imagenes.hoy.com.do\/files\/image_square_xs\/uploads\/2025\/11\/18\/691c7d5bed035.jpeg\"\/>\n                                <\/picture>\n                                <\/figure>\n<\/div>\n<\/div>\n<\/div>\n<p>                                                                                            <!-- --><\/p>\n<p class=\"paragraph\">Miami (EE.UU.), 30 abr (EFE).- El primer vuelo comercial directo entre<b> Estados Unidos y Venezuela<\/b> en cerca de siete a\u00f1os despeg\u00f3 este jueves desde el Aeropuerto Internacional de Miami a bordo de un avi\u00f3n de American Airlines y en medio de una fiesta con banderas venezolanas y el desayuno t\u00edpico de ese pa\u00eds, que incluy\u00f3 arepas y teque\u00f1os.<\/p>\n<p class=\"paragraph\">Los pasajeros de este vuelo a Caracas, de unas tres horas de duraci\u00f3n, celebraron antes del despegue en presencia de la alcaldesa de Miami-Dade, Daniella Levine Cava, felices de poder visitar su patria tras a\u00f1os de hacerlo por terceros pa\u00edses.<\/p>\n<figure class=\"c-detail__media \"><figcaption class=\"c-detail__media__txt\">\n<p class=\"c-detail__media__subtitle\">\n<p>        <span class=\"c-detail__media__credit \">Despega de Miami el primer vuelo comercial directo entre EE.UU. y Venezuela en siete a\u00f1os<\/span><span class=\"c-detail__media__author \">Fuente externa<\/span><\/p>\n<\/figcaption><\/figure>\n<p class=\"paragraph\">Los vuelos comerciales directos entre ambos pa\u00edses fueron suspendidos en 2019 en medio de las tensiones entre los Gobiernos del entonces presidente venezolano, Nicol\u00e1s Maduro, y su hom\u00f3logo estadounidense, Donald Trump, quien estaba en su primer mandato (2017-2021).<\/p>\n<p class=\"paragraph\">&#8220;Estamos muy emocionados porque se est\u00e1 abriendo una conexi\u00f3n m\u00e1s cercana con nuestras familias y nuestros pa\u00edses&#8221;, dijo a Fox News una pasajera, que como muchos de ellos declinaron identificarse o hablar a la prensa &#8220;por razones de seguridad&#8221;.<\/p>\n<p class=\"paragraph\">American Airlines, l\u00edder del mercado en Venezuela desde su llegada al pa\u00eds en 1987 y hasta la suspensi\u00f3n de los vuelos, decor\u00f3 sus instalaciones de salida con la bandera de Venezuela y una entrada de pasajeros flanqueada por torres de globos en los colores amarillo, azul y rojo de la bandera del pa\u00eds suramericano.<\/p>\n<div class=\"composite-video \">\n    <!-- video module configuration --><\/p>\n<div class=\"video-player\">\n<figure class=\"c-detail__media c-detail__media-video\"><figcaption class=\"c-detail__media__txt\">\n<p class=\"c-detail__media__subtitle\">\n<p>                <span class=\"c-detail__media__credit \">Despeg\u00f3 el primer vuelo directo entre EE.UU. y Venezuela tras siete a\u00f1os de complicaciones\/ video fuente externa<\/span><\/p>\n<\/figcaption><\/figure>\n<\/p><\/div>\n<\/div>\n<p class=\"paragraph\">Una guirnalda de peque\u00f1as banderitas venezolanas colgaba sobre los mostradores para recibir pasaportes y maletas, mientras que grandes banderas de Estados Unidos y Venezuela pod\u00edan verse a los lados de un anuncio que no se ve\u00eda desde marzo de 2019: &#8220;Caracas Check-in&#8221;.<\/p>\n<p class=\"paragraph\">El desayuno los esperaba en la puerta de embarque D55, tambi\u00e9n adornada con banderas venezolanas y una pantalla que mostraba la temperatura en Caracas. Antes de abordar el avi\u00f3n, el piloto, el copiloto y asistentes de vuelo posaron para fotos al lado de las banderas de ambos pa\u00edses.<\/p>\n<div class=\"c-detail__box \">\n<article class=\"c-detail__sumario \">\n<figure class=\"c-detail__sumario__thumb\" style=\"display: block;\">\n            <a href=\"#\" title=\"\">\n                <picture data-size=\"w:140,h:140\" loading=\"lazy\" src=\"https:\/\/imagenes.hoy.com.do\/files\/related_image\/uploads\/2026\/04\/29\/69f2cdc7b819f.png\" data-full-src=\"https:\/\/imagenes.hoy.com.do\/uploads\/2026\/04\/29\/69f2cdc7b819f.png\">\n                    <img loading=\"lazy\" decoding=\"async\" width=\"140\" height=\"140\" alt=\"Rub\u00e9n Rocha Moya.  AP\" src=\"https:\/\/imagenes.hoy.com.do\/uploads\/2026\/04\/29\/69f2cdc7b819f.png\"\/>\n                <\/picture>\n            <\/a><br \/>\n        <\/figure>\n<\/article>\n<\/div>\n<p class=\"paragraph\">Fuentes vinculadas al Gobierno estadounidense confirmaron el martes a EFE que funcionarios de transporte y de otras carteras de la Casa Blanca tambi\u00e9n viajaban en ese primer vuelo directo de American Airlines desde Miami.<\/p>\n<p class=\"paragraph\"><b>Una emoci\u00f3n dilu\u00eda por los precios<\/b><\/p>\n<p class=\"paragraph\">Aunque la felicidad de los presentes fue evidente, la ruta est\u00e1 lejos del abarrotamiento de antes, cuando para muchos venezolanos, el trayecto se viv\u00eda como un vuelo local por la cercan\u00eda.<\/p>\n<p class=\"paragraph\">El costo ha sido uno de los primeros filtros, as\u00ed como las restricciones de visas del Gobierno estadounidense para los venezolanos y la ausencia de representaci\u00f3n consular venezolana en Estados Unidos, que han dejado a muchos de ellos sin los documentos migratorios para ingresar a ambos pa\u00edses.<\/p>\n<p class=\"paragraph\">Las b\u00fasquedas recientes en el sitio de internet de American Airlines muestran boletos de ida y vuelta para finales de abril por encima de 2.700 d\u00f3lares, mientras que para mayo bajaban a poco m\u00e1s de 1.000 d\u00f3lares.<\/p>\n<p class=\"paragraph\">A\u00fan as\u00ed, para muchos pasajeros que viajaron hoy, el c\u00e1lculo no se midi\u00f3 s\u00f3lo en dinero.<\/p>\n<p class=\"paragraph\">Durante los \u00faltimos siete a\u00f1os, viajar desde Estados Unidos a Venezuela fue una traves\u00eda de paciencia y ansiedad, con itinerarios de 10, 12 o m\u00e1s horas, escalas, boletos separados, noches en aeropuertos y el miedo permanente a una cancelaci\u00f3n. Las maletas viajaban cargadas de medicinas, documentos y encargos familiares.<\/p>\n<div class=\"composite-video \">\n    <!-- video module configuration --><\/p>\n<div class=\"video-player\">\n<figure class=\"c-detail__media c-detail__media-video\"><figcaption class=\"c-detail__media__txt\">\n<p class=\"c-detail__media__subtitle\">\n<p>                <span class=\"c-detail__media__credit \">Despeg\u00f3 el primer vuelo directo entre EE.UU. y Venezuela tras siete a\u00f1os de complicaciones<\/span><\/p>\n<\/figcaption><\/figure>\n<\/p><\/div>\n<\/div>\n<p class=\"paragraph\">El Departamento de Transporte estadounidense aprob\u00f3 en marzo pasado la solicitud de American Airlines para retomar vuelos directos desde Miami a Caracas y Maracaibo, pero la historia de esta conexi\u00f3n a\u00e9rea se remonta a d\u00e9cadas.<\/p>\n<p class=\"paragraph\">Aunque este no es el primer vuelo entre Miami y Caracas de la historia, para algunos pasajeros en el Aeropuerto de Miami se sinti\u00f3 como si lo fuera.<\/p>\n<p class=\"paragraph\">El vuelo, operado por una aeronave nueva y que no viaja a plena capacidad, despeg\u00f3 hacia las 10:11 hora local (14:11 GMT) y aterrizar\u00e1 en Maiquet\u00eda poco despu\u00e9s del mediod\u00eda.<\/p>\n<p class=\"paragraph\">La ruta tendr\u00e1 frecuencia diaria, con llegada a Caracas hacia el mediod\u00eda y el regreso enseguida desde el Aeropuerto Internacional Sim\u00f3n Bol\u00edvar, de Maiquet\u00eda, para llegar en la noche a Miami. EFE<\/p>\n<\/p><\/div>\n","protected":false},"excerpt":{"rendered":"<p>Miami (EE.UU.), 30 abr (EFE).- El primer vuelo comercial directo entre Estados Unidos y Venezuela en cerca de siete a\u00f1os despeg\u00f3 este jueves desde el Aeropuerto Internacional de Miami a bordo de un avi\u00f3n de American Airlines y en medio de una fiesta con banderas venezolanas y el desayuno t\u00edpico de ese pa\u00eds, que incluy\u00f3<\/p>\n","protected":false},"author":1,"featured_media":38188,"comment_status":"open","ping_status":"open","sticky":false,"template":"","format":"standard","meta":{"footnotes":""},"categories":[3],"tags":[],"class_list":["post-38187","post","type-post","status-publish","format-standard","has-post-thumbnail","hentry","category-internacionales"],"_links":{"self":[{"href":"https:\/\/acronoticias.com\/index.php\/wp-json\/wp\/v2\/posts\/38187","targetHints":{"allow":["GET"]}}],"collection":[{"href":"https:\/\/acronoticias.com\/index.php\/wp-json\/wp\/v2\/posts"}],"about":[{"href":"https:\/\/acronoticias.com\/index.php\/wp-json\/wp\/v2\/types\/post"}],"author":[{"embeddable":true,"href":"https:\/\/acronoticias.com\/index.php\/wp-json\/wp\/v2\/users\/1"}],"replies":[{"embeddable":true,"href":"https:\/\/acronoticias.com\/index.php\/wp-json\/wp\/v2\/comments?post=38187"}],"version-history":[{"count":0,"href":"https:\/\/acronoticias.com\/index.php\/wp-json\/wp\/v2\/posts\/38187\/revisions"}],"wp:featuredmedia":[{"embeddable":true,"href":"https:\/\/acronoticias.com\/index.php\/wp-json\/wp\/v2\/media\/38188"}],"wp:attachment":[{"href":"https:\/\/acronoticias.com\/index.php\/wp-json\/wp\/v2\/media?parent=38187"}],"wp:term":[{"taxonomy":"category","embeddable":true,"href":"https:\/\/acronoticias.com\/index.php\/wp-json\/wp\/v2\/categories?post=38187"},{"taxonomy":"post_tag","embeddable":true,"href":"https:\/\/acronoticias.com\/index.php\/wp-json\/wp\/v2\/tags?post=38187"}],"curies":[{"name":"wp","href":"https:\/\/api.w.org\/{rel}","templated":true}]}}