{"id":38167,"date":"2026-04-30T16:30:53","date_gmt":"2026-04-30T16:30:53","guid":{"rendered":"https:\/\/acronoticias.com\/index.php\/2026\/04\/30\/defensor-del-pueblo-gana-vi-premio-iberoamericano-de-educacion-en-derechos-humanos\/"},"modified":"2026-04-30T16:30:53","modified_gmt":"2026-04-30T16:30:53","slug":"defensor-del-pueblo-gana-vi-premio-iberoamericano-de-educacion-en-derechos-humanos","status":"publish","type":"post","link":"https:\/\/acronoticias.com\/index.php\/2026\/04\/30\/defensor-del-pueblo-gana-vi-premio-iberoamericano-de-educacion-en-derechos-humanos\/","title":{"rendered":"Defensor del Pueblo gana VI Premio Iberoamericano de Educaci\u00f3n en Derechos Humanos"},"content":{"rendered":"<p><img loading=\"lazy\" decoding=\"async\" width=\"355\" height=\"200\" src=\"https:\/\/nuevodiario-assets.s3.us-east-2.amazonaws.com\/wp-content\/uploads\/2026\/04\/Defensor-del-Pueblo-gana-VI-Premio-Iberoamericano-de-Educacion-en-Derechos-Humanos-355x200.jpeg\" class=\"webfeedsFeaturedVisual not-transparent wp-post-image\" alt=\"\" style=\"--dominant-color: #958882;margin-bottom: 5px;clear:both;max-width: 100%\" data-has-transparency=\"false\" data-dominant-color=\"958882\" \/><\/p>\n<p>EL NUEVO DIARIO, SANTO DOMINGO.-\u00a0La Organizaci\u00f3n de Estados Iberoamericanos para la Educaci\u00f3n, la Ciencia y la Cultura (OEI) reconoci\u00f3 al Programa Defensor Estudiantil, del Defensor del Pueblo de la Rep\u00fablica Dominicana, como el gran ganador nacional de la VI edici\u00f3n del Premio Iberoamericano de Educaci\u00f3n en Derechos Humanos \u201c\u00d3scar Arnulfo Romero\u201d.<\/p>\n<p>Tras un riguroso proceso de evaluaci\u00f3n t\u00e9cnica por un jurado de expertos integrado por destacados profesionales vinculados al \u00e1mbito de los derechos humanos y representantes de las instituciones: MIREX, UNPHU, UNIBE, INDOTEL, INTEC y la Alcald\u00eda del Distrito Nacional, el Programa Defensor Estudiantil obtuvo la m\u00e1xima distinci\u00f3n.<\/p>\n<p>Los proyectos fueron evaluados bajo criterios de pertinencia, impacto, sostenibilidad, aplicabilidad e innovaci\u00f3n.<br \/>\nEn ese sentido, la representante de la OEI en el pa\u00eds, Catalina And\u00fajar, explic\u00f3 que el objetivo del premio es reconocer iniciativas relevantes que promuevan derechos humanos, la convivencia democr\u00e1tica, el desarrollo sostenible, la ciudadan\u00eda global y que al mismo tiempo destaque por su potencial de escalabilidad y capacidad de sostenibilidad.<\/p>\n<p>\u201cLa educaci\u00f3n \u00e9tica en derechos humanos, en valores democr\u00e1ticos y ciudadan\u00eda se convierte en una prioridad impostergable. Desde la OEI hemos asumido este compromiso como parte de nuestra misi\u00f3n institucional, convencidos de que defensor de la democracia y fortalecer una cultura de derechos es condici\u00f3n indispensable para el desarrollo sostenible de nuestras sociedades\u201d, afirm\u00f3.<\/p>\n<p>De su lado, el defensor del pueblo, Pablo Ulloa, destac\u00f3 el trabajo que realiza la instituci\u00f3n para garantizar el derecho a la educaci\u00f3n. Asimismo, valor\u00f3 el galard\u00f3n y resalt\u00f3 las acciones que se ejecutan desde el \u00f3rgano constitucional en la construcci\u00f3n de ciudadan\u00eda y educaci\u00f3n c\u00edvica.<\/p>\n<p>\u201cEl Defensor estudiantil ha sido un marco de acci\u00f3n que nos ha permitido poder impactar directamente a los m\u00e1s j\u00f3venes, con un modelo pedag\u00f3gico enfocado en el nivel preuniversitario\u201d, indic\u00f3 Ulloa.<\/p>\n<p><strong>Ganador nacional<\/strong><br \/>\nPrograma Defensor Estudiantil evidenci\u00f3 la transformaci\u00f3n de la convivencia en los centros educativos intervenidos, logrando reducir dr\u00e1sticamente los casos de discriminaci\u00f3n y empoderar a los j\u00f3venes en la resoluci\u00f3n pac\u00edfica de conflictos.<\/p>\n<p>Como ganador nacional, esta iniciativa representar\u00e1 al pa\u00eds en el VI Encuentro Iberoamericano sobre Educaci\u00f3n en Derechos Humanos, que se celebrar\u00e1 en Espa\u00f1a en junio de 2026, donde concursar\u00e1 por el galard\u00f3n regional junto a los representantes de los 22 pa\u00edses miembros de la OEI y un premio de 8,000 USD.<\/p>\n<p><strong>Reconocimientos Especiales<\/strong><br \/>\nAdem\u00e1s, las siguientes iniciativas recibieron menci\u00f3n especial como reconocimiento a su contribuci\u00f3n destacada a la educaci\u00f3n, la defensa de los derechos humanos y la inclusi\u00f3n:<br \/>\nProlactarRD, por su proyecto sobre lactancia materna como derecho humano y ejercicio de ciudadan\u00eda.<br \/>\nMinisterio de Educaci\u00f3n de la Rep\u00fablica Dominicana (MINERD), por su Pol\u00edtica Transversal en Derechos Humanos.<\/p>\n<p><strong>Sobre el premio<\/strong><br \/>\nEl premio rinde homenaje al legado de Monse\u00f1or \u00d3scar Arnulfo Romero, santo y m\u00e1rtir salvadore\u00f1o, cuya vida fue un testimonio incansable de defensa de los colectivos m\u00e1s vulnerables. El galard\u00f3n iberoamericano reconoce la labor y el trabajo de quienes act\u00faan de forma ejemplar en la defensa y promoci\u00f3n de los derechos humanos a trav\u00e9s de la educaci\u00f3n.<\/p>\n<p>En sus cinco ediciones previas, el certamen ha movilizado alrededor de 2,000 iniciativas en toda Iberoam\u00e9rica, consolid\u00e1ndose como un referente de la riqueza y diversidad de la cultura de paz en la regi\u00f3n.<\/p>\n<p>La entrada <a href=\"https:\/\/elnuevodiario.com.do\/defensor-del-pueblo-gana-vi-premio-iberoamericano-de-educacion-en-derechos-humanos\/\">Defensor del Pueblo gana VI Premio Iberoamericano de Educaci\u00f3n en Derechos Humanos<\/a> se public\u00f3 primero en <a href=\"https:\/\/elnuevodiario.com.do\">El Nuevo Diario (Rep\u00fablica Dominicana)<\/a>.<\/p>\n","protected":false},"excerpt":{"rendered":"<p>EL NUEVO DIARIO, SANTO DOMINGO.-\u00a0La Organizaci\u00f3n de Estados Iberoamericanos para la Educaci\u00f3n, la Ciencia y la Cultura (OEI) reconoci\u00f3 al Programa Defensor Estudiantil, del Defensor del Pueblo de la Rep\u00fablica Dominicana, como el gran ganador nacional de la VI edici\u00f3n del Premio Iberoamericano de Educaci\u00f3n en Derechos Humanos \u201c\u00d3scar Arnulfo Romero\u201d. Tras un riguroso proceso<\/p>\n","protected":false},"author":1,"featured_media":38168,"comment_status":"open","ping_status":"open","sticky":false,"template":"","format":"standard","meta":{"footnotes":""},"categories":[1],"tags":[],"class_list":["post-38167","post","type-post","status-publish","format-standard","has-post-thumbnail","hentry","category-nacionales"],"_links":{"self":[{"href":"https:\/\/acronoticias.com\/index.php\/wp-json\/wp\/v2\/posts\/38167","targetHints":{"allow":["GET"]}}],"collection":[{"href":"https:\/\/acronoticias.com\/index.php\/wp-json\/wp\/v2\/posts"}],"about":[{"href":"https:\/\/acronoticias.com\/index.php\/wp-json\/wp\/v2\/types\/post"}],"author":[{"embeddable":true,"href":"https:\/\/acronoticias.com\/index.php\/wp-json\/wp\/v2\/users\/1"}],"replies":[{"embeddable":true,"href":"https:\/\/acronoticias.com\/index.php\/wp-json\/wp\/v2\/comments?post=38167"}],"version-history":[{"count":0,"href":"https:\/\/acronoticias.com\/index.php\/wp-json\/wp\/v2\/posts\/38167\/revisions"}],"wp:featuredmedia":[{"embeddable":true,"href":"https:\/\/acronoticias.com\/index.php\/wp-json\/wp\/v2\/media\/38168"}],"wp:attachment":[{"href":"https:\/\/acronoticias.com\/index.php\/wp-json\/wp\/v2\/media?parent=38167"}],"wp:term":[{"taxonomy":"category","embeddable":true,"href":"https:\/\/acronoticias.com\/index.php\/wp-json\/wp\/v2\/categories?post=38167"},{"taxonomy":"post_tag","embeddable":true,"href":"https:\/\/acronoticias.com\/index.php\/wp-json\/wp\/v2\/tags?post=38167"}],"curies":[{"name":"wp","href":"https:\/\/api.w.org\/{rel}","templated":true}]}}