{"id":38161,"date":"2026-04-30T15:58:29","date_gmt":"2026-04-30T15:58:29","guid":{"rendered":"https:\/\/acronoticias.com\/index.php\/2026\/04\/30\/comision-de-justicia-y-expertos-franceses-comparten-impresiones-sobre-nuevo-codigo-penal\/"},"modified":"2026-04-30T15:58:29","modified_gmt":"2026-04-30T15:58:29","slug":"comision-de-justicia-y-expertos-franceses-comparten-impresiones-sobre-nuevo-codigo-penal","status":"publish","type":"post","link":"https:\/\/acronoticias.com\/index.php\/2026\/04\/30\/comision-de-justicia-y-expertos-franceses-comparten-impresiones-sobre-nuevo-codigo-penal\/","title":{"rendered":"Comisi\u00f3n de Justicia y expertos franceses comparten impresiones sobre nuevo C\u00f3digo Penal"},"content":{"rendered":"<p><img loading=\"lazy\" decoding=\"async\" width=\"355\" height=\"200\" src=\"https:\/\/nuevodiario-assets.s3.us-east-2.amazonaws.com\/wp-content\/uploads\/2026\/04\/Comision-de-Justicia-y-expertos-franceses-comparten-impresiones-sobre-nuevo-Codigo-Penal-2-355x200.jpg\" class=\"webfeedsFeaturedVisual not-transparent wp-post-image\" alt=\"\" style=\"--dominant-color: #695a57;margin-bottom: 5px;clear:both;max-width: 100%\" data-has-transparency=\"false\" data-dominant-color=\"695a57\" \/><\/p>\n<p>EL NUEVO DIARIO, SANTO DOMINGO.- La Comisi\u00f3n de Justicia y Derechos Humanos del Senado de la Rep\u00fablica recibi\u00f3 a una delegaci\u00f3n de expertos franceses en Derecho Penal, quienes compartieron impresiones sobre el nuevo C\u00f3digo Penal Dominicano, desde una perspectiva comparada con el modelo del C\u00f3digo Penal Franc\u00e9s.<\/p>\n<p>La comitiva francesa estuvo conformada por Xavier Pin, profesor de Derecho Penal de la Universit\u00e9 Jean Moulin Lyon 3; St\u00e9phane Faucher, diplomado de la Facultad de Derecho de Par\u00eds y del Instituto Franc\u00e9s de Altos Estudios para el Desarrollo Econ\u00f3mico del Ministerio de Econom\u00eda y Finanzas; y Rapha\u00e9le Parizot, profesora de Derecho Comparado de la Universit\u00e9 Par\u00eds 1 Panth\u00e9on Sorbonne.<\/p>\n<p>Los especialistas plantearon sus pareceres sobre aspectos puntuales del nuevo C\u00f3digo Penal Dominicano, entre ellos la clasificaci\u00f3n de los delitos y el c\u00famulo de penas.<\/p>\n<p>Los intelectuales tambi\u00e9n se\u00f1alaron los grandes avances del nuevo marco legal y los leves ajustes que el Congreso Nacional podr\u00eda aplicarle para que sea mejor comprendido por la poblaci\u00f3n dominicana.<\/p>\n<p>\u00abAgradecemos que nos hayan recibido aqu\u00ed, donde estamos, no para hacer cr\u00edticas, sino para intercambiar perspectivas y las diferentes influencias sobre el derecho penal del pa\u00eds\u00bb, dijo Xavier Pin, especialista en Derecho Penal, seg\u00fan se\u00f1ala una nota de prensa.<\/p>\n<p>El senador por la provincia Santo Domingo, Antonio Taveras Guzm\u00e1n, presidente de la Comisi\u00f3n de Derechos Humanos del Senado, agradeci\u00f3 a la delegaci\u00f3n francesa por compartir sus bastos conocimientos para realizar aportes significativos que ser\u00e1n valorados en su justa dimensi\u00f3n.<\/p>\n<p>\u201cGracias por venir y realizar este intercambio de ideas, y aportar a este tema tan importante, que ha llevado a\u00f1os de discusi\u00f3n en la Rep\u00fablica Dominicana\u201d, expres\u00f3 el legislador.<\/p>\n<p>El nuevo C\u00f3digo Penal de la Rep\u00fablica Dominicana (Ley n\u00fam. 74-25), fue aprobado en segunda lectura por el Senado el 21 de julio de 2025 y promulgado por el Poder Ejecutivo el 3 de agosto de ese mismo a\u00f1o. Esta legislaci\u00f3n sustituye al C\u00f3digo anterior que databa de 1884, y est\u00e1 programado para entrar en vigencia oficial en el mes agosto de a\u00f1o 2026.<\/p>\n<p>Adem\u00e1s de Antonio Taveras Guzm\u00e1n (Santo Domingo), estuvieron en la reuni\u00f3n los senadores Pedro Catrain (Saman\u00e1); Franklin Romero (Duarte); Santiago Jos\u00e9 Zorrilla (El Seibo); Aracelis Villanueva (San pedro de Macor\u00eds), y Omar Fern\u00e1ndez (Distrito Nacional).<\/p>\n<p>La entrada <a href=\"https:\/\/elnuevodiario.com.do\/comision-de-justicia-y-expertos-franceses-comparten-impresiones-sobre-nuevo-codigo-penal\/\">Comisi\u00f3n de Justicia y expertos franceses comparten impresiones sobre nuevo C\u00f3digo Penal<\/a> se public\u00f3 primero en <a href=\"https:\/\/elnuevodiario.com.do\">El Nuevo Diario (Rep\u00fablica Dominicana)<\/a>.<\/p>\n","protected":false},"excerpt":{"rendered":"<p>EL NUEVO DIARIO, SANTO DOMINGO.- La Comisi\u00f3n de Justicia y Derechos Humanos del Senado de la Rep\u00fablica recibi\u00f3 a una delegaci\u00f3n de expertos franceses en Derecho Penal, quienes compartieron impresiones sobre el nuevo C\u00f3digo Penal Dominicano, desde una perspectiva comparada con el modelo del C\u00f3digo Penal Franc\u00e9s. La comitiva francesa estuvo conformada por Xavier Pin,<\/p>\n","protected":false},"author":1,"featured_media":38162,"comment_status":"open","ping_status":"open","sticky":false,"template":"","format":"standard","meta":{"footnotes":""},"categories":[1],"tags":[],"class_list":["post-38161","post","type-post","status-publish","format-standard","has-post-thumbnail","hentry","category-nacionales"],"_links":{"self":[{"href":"https:\/\/acronoticias.com\/index.php\/wp-json\/wp\/v2\/posts\/38161","targetHints":{"allow":["GET"]}}],"collection":[{"href":"https:\/\/acronoticias.com\/index.php\/wp-json\/wp\/v2\/posts"}],"about":[{"href":"https:\/\/acronoticias.com\/index.php\/wp-json\/wp\/v2\/types\/post"}],"author":[{"embeddable":true,"href":"https:\/\/acronoticias.com\/index.php\/wp-json\/wp\/v2\/users\/1"}],"replies":[{"embeddable":true,"href":"https:\/\/acronoticias.com\/index.php\/wp-json\/wp\/v2\/comments?post=38161"}],"version-history":[{"count":0,"href":"https:\/\/acronoticias.com\/index.php\/wp-json\/wp\/v2\/posts\/38161\/revisions"}],"wp:featuredmedia":[{"embeddable":true,"href":"https:\/\/acronoticias.com\/index.php\/wp-json\/wp\/v2\/media\/38162"}],"wp:attachment":[{"href":"https:\/\/acronoticias.com\/index.php\/wp-json\/wp\/v2\/media?parent=38161"}],"wp:term":[{"taxonomy":"category","embeddable":true,"href":"https:\/\/acronoticias.com\/index.php\/wp-json\/wp\/v2\/categories?post=38161"},{"taxonomy":"post_tag","embeddable":true,"href":"https:\/\/acronoticias.com\/index.php\/wp-json\/wp\/v2\/tags?post=38161"}],"curies":[{"name":"wp","href":"https:\/\/api.w.org\/{rel}","templated":true}]}}