{"id":38159,"date":"2026-04-30T15:41:38","date_gmt":"2026-04-30T15:41:38","guid":{"rendered":"https:\/\/acronoticias.com\/index.php\/2026\/04\/30\/titular-de-la-onda-llama-a-artistas-visuales-de-rd-a-defender-sus-derechos-desde-uruguay\/"},"modified":"2026-04-30T15:41:38","modified_gmt":"2026-04-30T15:41:38","slug":"titular-de-la-onda-llama-a-artistas-visuales-de-rd-a-defender-sus-derechos-desde-uruguay","status":"publish","type":"post","link":"https:\/\/acronoticias.com\/index.php\/2026\/04\/30\/titular-de-la-onda-llama-a-artistas-visuales-de-rd-a-defender-sus-derechos-desde-uruguay\/","title":{"rendered":"Titular de la ONDA llama a artistas visuales de RD a defender sus derechos desde Uruguay"},"content":{"rendered":"<p><img loading=\"lazy\" decoding=\"async\" width=\"355\" height=\"200\" src=\"https:\/\/nuevodiario-assets.s3.us-east-2.amazonaws.com\/wp-content\/uploads\/2026\/04\/Jose-Ruben-Gonell-Cosme-ONDA-355x200.jpg\" class=\"webfeedsFeaturedVisual not-transparent wp-post-image\" alt=\"\" style=\"--dominant-color: #7e605d;margin-bottom: 5px;clear:both;max-width: 100%\" data-has-transparency=\"false\" data-dominant-color=\"7e605d\" \/><\/p>\n<p>EL NUEVO DIARIO, URUGAY.\u2014 El director de la Oficina Nacional de Derecho de Autor (ONDA) de la Rep\u00fablica Dominicana, Jos\u00e9 Rub\u00e9n Gonell Cosme, exhort\u00f3 a los artistas visuales y pl\u00e1sticos asumir un rol m\u00e1s activo en la gesti\u00f3n y defensa de sus derechos de autor, como v\u00eda esencial para garantizar la sostenibilidad de su trabajo creativo.<\/p>\n<p>La intervenci\u00f3n de Gonell Cosme tuvo lugar durante una de las sesiones de la Conferencia Regional sobre el Derecho de Participaci\u00f3n del Artista, organizada por la Organizaci\u00f3n Mundial de la Propiedad Intelectual (OMPI), un espacio que reuni\u00f3 a autoridades culturales, expertos jur\u00eddicos y representantes del sector art\u00edstico de toda Am\u00e9rica Latina en el Enjoy Punta del Este Casino &amp; Resort.<\/p>\n<p>El titular de la ONDA fue enf\u00e1tico al se\u00f1alar que, aunque los marcos legales existen y ofrecen herramientas s\u00f3lidas para la protecci\u00f3n de las obras, su efectividad depende en gran medida del inter\u00e9s real de los propios autores.<\/p>\n<figure id=\"attachment_3103153\" aria-describedby=\"caption-attachment-3103153\" style=\"width: 1600px\" class=\"wp-caption alignnone\"><img loading=\"lazy\" decoding=\"async\" data-recalc-dims=\"1\" data-dominant-color=\"8e6659\" data-has-transparency=\"false\" style=\"--dominant-color: #8e6659\" class=\"size-full wp-image-3103153 not-transparent\" src=\"https:\/\/i0.wp.com\/nuevodiario-assets.s3.us-east-2.amazonaws.com\/wp-content\/uploads\/2026\/04\/Gonell-Cosme-participa-en-la-conferencia-de-a-la-OMPI-en-Uruguay.jpeg?resize=640%2C480&#038;quality=100&#038;ssl=1\" alt=\"\" width=\"640\" height=\"480\" \/><figcaption id=\"caption-attachment-3103153\" class=\"wp-caption-text\"><em><strong>El doctor Fernando Zapata, de Colombia; Maidys Chen, de Panam\u00e1; Karina Luj\u00e1n, de M\u00e9xico; Claudio Ossa, de Chile; y Edwin Robles, tambi\u00e9n de Colombia. Todos son directores de sus respectivos pa\u00edses, con excepci\u00f3n del doctor Zapata. (Foto: Departamento de Comunicaci\u00f3n de la ONDA)<\/strong><\/em><\/figcaption><\/figure>\n<p>\u201cLas leyes est\u00e1n; ahora nos corresponde hacerlas cumplir y exigir que se respeten\u201d, afirm\u00f3, dejando claro que el derecho de autor no se activa por s\u00ed solo, sino que requiere conciencia y acci\u00f3n, expuso Gonell Cosme ante las delegaciones de pa\u00edses de Am\u00e9rica Latina y el Caribe, seg\u00fan se\u00f1ala una nota de prensa.<\/p>\n<p>En ese contexto, explic\u00f3 que desde el inicio de su gesti\u00f3n en 2020, uno de los principales objetivos ha sido educar a la poblaci\u00f3n dominicana sobre el valor del derecho de autor, no solo como un concepto jur\u00eddico, sino como un instrumento de dignificaci\u00f3n del oficio art\u00edstico. Como parte de ese esfuerzo, la ONDA ha recorrido el pa\u00eds en dos ocasiones, llevando orientaci\u00f3n directa a comunidades creativas, universidades y usuarios en diversos espacios culturales.<\/p>\n<p>Ese trabajo, asegur\u00f3, ha comenzado a rendir frutos. Hoy, cada vez m\u00e1s artistas se reconocen como profesionales que generan valor econ\u00f3mico y cultural y que, por tanto, merecen una compensaci\u00f3n justa por el uso y la explotaci\u00f3n de sus obras.<\/p>\n<p><strong>El desaf\u00edo pendiente de los artistas pl\u00e1sticos<\/strong><\/p>\n<p>Gonell Cosme puso especial atenci\u00f3n en la realidad de los artistas pl\u00e1sticos y visuales, un sector que seg\u00fan indic\u00f3, hist\u00f3ricamente ha mostrado menor inter\u00e9s o conocimiento sobre figuras como el derecho de participaci\u00f3n en la reventa de obras. Esta falta de informaci\u00f3n ha provocado que muchos creadores \u2014o sus herederos\u2014 pierdan ingresos leg\u00edtimos derivados del valor creciente de sus piezas en el mercado.<\/p>\n<p>\u201cUsted puede hacer una obra y vivir de ella toda la vida\u201d, subray\u00f3, al tiempo que advirti\u00f3 sobre los riesgos de delegar la gesti\u00f3n de derechos en terceros sin la debida preparaci\u00f3n o compromiso. En ese sentido, cit\u00f3 casos de familias de reconocidos artistas dominicanos que recientemente han comenzado a reclamar derechos que les corresponden desde hace d\u00e9cadas.<\/p>\n<p><strong>Avances en la gesti\u00f3n colectiva<\/strong><\/p>\n<p>Otro punto relevante de la intervenci\u00f3n fue el reconocimiento al crecimiento y fortalecimiento de las sociedades de gesti\u00f3n colectiva en la Rep\u00fablica Dominicana, las cuales hoy se posicionan entre las m\u00e1s eficientes de Am\u00e9rica Latina. Este avance, sostuvo, demuestra que cuando el Estado, los creadores y las entidades de gesti\u00f3n trabajan alineados, los resultados son tangibles.<\/p>\n<p>Lejos de asumir una postura confrontativa, Gonell Cosme reiter\u00f3 que la ONDA act\u00faa como aliada estrat\u00e9gica de los artistas, acompa\u00f1ando sus procesos y promoviendo mecanismos que aseguren que la creatividad sea protegida y justamente remunerada.<\/p>\n<p>Agradeci\u00f3 a la OMPI por impulsar espacios de di\u00e1logo, gu\u00edas t\u00e9cnicas y foros regionales que evidencian que la defensa del derecho de autor es un desaf\u00edo compartido a nivel global. Asimismo, reafirm\u00f3 el compromiso de la Rep\u00fablica Dominicana con la implementaci\u00f3n de herramientas como la copia privada, como parte de una pol\u00edtica cultural orientada a fortalecer todo el ecosistema creativo.<\/p>\n<p>La conferencia cuenta con un panel de expositores de alto nivel t\u00e9cnico y pol\u00edtico, encabezado por autoridades como Jos\u00e9 Carlos Mah\u00eda (ministro de Educaci\u00f3n y Cultura de Uruguay), Sylvie Forbin (directora general adjunta de la OMPI) y Gadi Oron (secretario general de la CISAC). El rigor acad\u00e9mico est\u00e1 representado por el profesor Sam Ricketson, mientras que la perspectiva operativa regional es aportada por directores de oficinas de propiedad intelectual de pa\u00edses como Colombia, Argentina, M\u00e9xico, Chile y Per\u00fa.<\/p>\n<p>Asimismo, la participaci\u00f3n de gestores de sociedades internacionales como Javier Guti\u00e9rrez Vic\u00e9n (VEGAP, Espa\u00f1a) y l\u00edderes de entidades locales como Alexis Buense\u00f1or (AGADU) asegura un di\u00e1logo integral que vincula la teor\u00eda jur\u00eddica con la pr\u00e1ctica del mercado del arte y la gesti\u00f3n efectiva de las regal\u00edas para los creadores.<\/p>\n<p>&nbsp;<\/p>\n<p>Pie de fotos:<\/p>\n<p>1,- En la imagen aparecen el doctor Fernando Zapata, de Colombia; Maidys Chen, de Panam\u00e1; Karina Luj\u00e1n, de M\u00e9xico; Claudio Ossa, de Chile; y Edwin Robles, tambi\u00e9n de Colombia. Todos son directores de sus respectivos pa\u00edses, con excepci\u00f3n del doctor Zapata.<\/p>\n<p>2.- Jos\u00e9 Rub\u00e9n Gonell Cosme, director general de la ONDA.<\/p>\n<p>&nbsp;<\/p>\n<p>La entrada <a href=\"https:\/\/elnuevodiario.com.do\/titular-de-la-onda-llama-a-artistas-visuales-de-rd-a-defender-sus-derechos-desde-uruguay\/\">Titular de la ONDA llama a artistas visuales de RD a defender sus derechos desde Uruguay<\/a> se public\u00f3 primero en <a href=\"https:\/\/elnuevodiario.com.do\">El Nuevo Diario (Rep\u00fablica Dominicana)<\/a>.<\/p>\n","protected":false},"excerpt":{"rendered":"<p>EL NUEVO DIARIO, URUGAY.\u2014 El director de la Oficina Nacional de Derecho de Autor (ONDA) de la Rep\u00fablica Dominicana, Jos\u00e9 Rub\u00e9n Gonell Cosme, exhort\u00f3 a los artistas visuales y pl\u00e1sticos asumir un rol m\u00e1s activo en la gesti\u00f3n y defensa de sus derechos de autor, como v\u00eda esencial para garantizar la sostenibilidad de su trabajo<\/p>\n","protected":false},"author":1,"featured_media":38160,"comment_status":"open","ping_status":"open","sticky":false,"template":"","format":"standard","meta":{"footnotes":""},"categories":[1],"tags":[],"class_list":["post-38159","post","type-post","status-publish","format-standard","has-post-thumbnail","hentry","category-nacionales"],"_links":{"self":[{"href":"https:\/\/acronoticias.com\/index.php\/wp-json\/wp\/v2\/posts\/38159","targetHints":{"allow":["GET"]}}],"collection":[{"href":"https:\/\/acronoticias.com\/index.php\/wp-json\/wp\/v2\/posts"}],"about":[{"href":"https:\/\/acronoticias.com\/index.php\/wp-json\/wp\/v2\/types\/post"}],"author":[{"embeddable":true,"href":"https:\/\/acronoticias.com\/index.php\/wp-json\/wp\/v2\/users\/1"}],"replies":[{"embeddable":true,"href":"https:\/\/acronoticias.com\/index.php\/wp-json\/wp\/v2\/comments?post=38159"}],"version-history":[{"count":0,"href":"https:\/\/acronoticias.com\/index.php\/wp-json\/wp\/v2\/posts\/38159\/revisions"}],"wp:featuredmedia":[{"embeddable":true,"href":"https:\/\/acronoticias.com\/index.php\/wp-json\/wp\/v2\/media\/38160"}],"wp:attachment":[{"href":"https:\/\/acronoticias.com\/index.php\/wp-json\/wp\/v2\/media?parent=38159"}],"wp:term":[{"taxonomy":"category","embeddable":true,"href":"https:\/\/acronoticias.com\/index.php\/wp-json\/wp\/v2\/categories?post=38159"},{"taxonomy":"post_tag","embeddable":true,"href":"https:\/\/acronoticias.com\/index.php\/wp-json\/wp\/v2\/tags?post=38159"}],"curies":[{"name":"wp","href":"https:\/\/api.w.org\/{rel}","templated":true}]}}