{"id":38145,"date":"2026-04-30T14:36:45","date_gmt":"2026-04-30T14:36:45","guid":{"rendered":"https:\/\/acronoticias.com\/index.php\/2026\/04\/30\/reportan-como-desaparecido-hombre-con-trastorno-del-animo-en-el-dn\/"},"modified":"2026-04-30T14:36:45","modified_gmt":"2026-04-30T14:36:45","slug":"reportan-como-desaparecido-hombre-con-trastorno-del-animo-en-el-dn","status":"publish","type":"post","link":"https:\/\/acronoticias.com\/index.php\/2026\/04\/30\/reportan-como-desaparecido-hombre-con-trastorno-del-animo-en-el-dn\/","title":{"rendered":"Reportan como desaparecido hombre con trastorno del \u00e1nimo en el DN"},"content":{"rendered":"<p><img loading=\"lazy\" decoding=\"async\" width=\"355\" height=\"200\" src=\"https:\/\/nuevodiario-assets.s3.us-east-2.amazonaws.com\/wp-content\/uploads\/2026\/04\/David-Fernandez-desapaecido-Foto-Fuente-externa-355x200.jpeg\" class=\"webfeedsFeaturedVisual not-transparent wp-post-image\" alt=\"\" style=\"--dominant-color: #b2a8ac;margin-bottom: 5px;clear:both;max-width: 100%\" data-has-transparency=\"false\" data-dominant-color=\"b2a8ac\" \/><\/p>\n<p>EL NUEVO DIARIO, SANTO DOMINGO.- Familiares reportaron este jueves como desaparecido a un hombre que fue diagnostica con trastorno del \u00e1nimo en el Distrito Nacional.<\/p>\n<p>Se trata de David Fern\u00e1ndez, de 38 a\u00f1os de edad, quien fue visto por \u00faltima vez vistiendo un pantal\u00f3n color gris, una franela color blanco y calipsos, saliendo de su residencia ubicada en la Urbanizaci\u00f3n Atl\u00e1ntida en el kilometro 10\u00a0 \u00bd de la carretera S\u00e1nchez a eso de las 2:30 P.M del mi\u00e9rcoles.<\/p>\n<p>De acuerdo con la hermana del desaparecido, Catherine Fern\u00e1ndez de la Cruz, David public\u00f3 en una red social que se iba a lanzar al mar para prescindir de su vida, por lo que sus parientes se encuentran busc\u00e1ndolo desesperadamente por esa \u00e1rea.<\/p>\n<p>Asimismo, confirm\u00f3 que YA hicieron el reporte oficial ante de la Polic\u00eda Nacional.<\/p>\n<p>Para cualquier informaci\u00f3n sobre el paradero de David, la dama ofreci\u00f3 su n\u00famero de tel\u00e9fono: 809-989-5434.<\/p>\n<p>ADDP\/<\/p>\n<p>&nbsp;<\/p>\n<p>La entrada <a href=\"https:\/\/elnuevodiario.com.do\/reportan-como-desaparecido-hombre-con-trastorno-del-animo-en-el-dn\/\">Reportan como desaparecido hombre con trastorno del \u00e1nimo en el DN<\/a> se public\u00f3 primero en <a href=\"https:\/\/elnuevodiario.com.do\">El Nuevo Diario (Rep\u00fablica Dominicana)<\/a>.<\/p>\n","protected":false},"excerpt":{"rendered":"<p>EL NUEVO DIARIO, SANTO DOMINGO.- Familiares reportaron este jueves como desaparecido a un hombre que fue diagnostica con trastorno del \u00e1nimo en el Distrito Nacional. Se trata de David Fern\u00e1ndez, de 38 a\u00f1os de edad, quien fue visto por \u00faltima vez vistiendo un pantal\u00f3n color gris, una franela color blanco y calipsos, saliendo de su<\/p>\n","protected":false},"author":1,"featured_media":38146,"comment_status":"open","ping_status":"open","sticky":false,"template":"","format":"standard","meta":{"footnotes":""},"categories":[1],"tags":[],"class_list":["post-38145","post","type-post","status-publish","format-standard","has-post-thumbnail","hentry","category-nacionales"],"_links":{"self":[{"href":"https:\/\/acronoticias.com\/index.php\/wp-json\/wp\/v2\/posts\/38145","targetHints":{"allow":["GET"]}}],"collection":[{"href":"https:\/\/acronoticias.com\/index.php\/wp-json\/wp\/v2\/posts"}],"about":[{"href":"https:\/\/acronoticias.com\/index.php\/wp-json\/wp\/v2\/types\/post"}],"author":[{"embeddable":true,"href":"https:\/\/acronoticias.com\/index.php\/wp-json\/wp\/v2\/users\/1"}],"replies":[{"embeddable":true,"href":"https:\/\/acronoticias.com\/index.php\/wp-json\/wp\/v2\/comments?post=38145"}],"version-history":[{"count":0,"href":"https:\/\/acronoticias.com\/index.php\/wp-json\/wp\/v2\/posts\/38145\/revisions"}],"wp:featuredmedia":[{"embeddable":true,"href":"https:\/\/acronoticias.com\/index.php\/wp-json\/wp\/v2\/media\/38146"}],"wp:attachment":[{"href":"https:\/\/acronoticias.com\/index.php\/wp-json\/wp\/v2\/media?parent=38145"}],"wp:term":[{"taxonomy":"category","embeddable":true,"href":"https:\/\/acronoticias.com\/index.php\/wp-json\/wp\/v2\/categories?post=38145"},{"taxonomy":"post_tag","embeddable":true,"href":"https:\/\/acronoticias.com\/index.php\/wp-json\/wp\/v2\/tags?post=38145"}],"curies":[{"name":"wp","href":"https:\/\/api.w.org\/{rel}","templated":true}]}}