{"id":38124,"date":"2026-04-30T12:35:37","date_gmt":"2026-04-30T12:35:37","guid":{"rendered":"https:\/\/acronoticias.com\/index.php\/2026\/04\/30\/sepultaran-hoy-a-la-juvenil-danna-hija-de-rafael-uribe\/"},"modified":"2026-04-30T12:35:37","modified_gmt":"2026-04-30T12:35:37","slug":"sepultaran-hoy-a-la-juvenil-danna-hija-de-rafael-uribe","status":"publish","type":"post","link":"https:\/\/acronoticias.com\/index.php\/2026\/04\/30\/sepultaran-hoy-a-la-juvenil-danna-hija-de-rafael-uribe\/","title":{"rendered":"Sepultar\u00e1n hoy a la juvenil Danna, hija de Rafael Uribe"},"content":{"rendered":"<div>\n<div class=\"c-detail__author full\">\n<div>\n<div class=\"c-detail__author__thumb\">\n<figure>\n                                <picture src=\"https:\/\/imagenes.hoy.com.do\/files\/image_square_xs\/uploads\/2025\/11\/10\/6911b3b5d935b.png\" data-size=\"w:40,h:40\">\n                                    <img decoding=\"async\" loading=\"lazy\" alt=\"Hoy .\" width=\"40\" height=\"40\" src=\"https:\/\/imagenes.hoy.com.do\/files\/image_square_xs\/uploads\/2025\/11\/10\/6911b3b5d935b.png\"\/>\n                                <\/picture>\n                                <\/figure>\n<\/div>\n<\/div>\n<\/div>\n<p>                                                                                            <!-- --><\/p>\n<p class=\"paragraph\"><b>La juvenil de 12 a\u00f1os Danna Sof\u00eda Uribe,<\/b> que falleci\u00f3 ayer  ser\u00e1 sepultada hoy, causando un gran dolor  en la familia y las amistades del destacado deportista su padre   Rafael Uribe, presidente de la Federaci\u00f3n Dominicana de Baloncesto.<\/p>\n<p class=\"paragraph\">El deporte dominicano est\u00e1 de luto en especial  el baloncesto por el fallecimiento de la juvenil.<\/p>\n<p class=\"paragraph\">Los restos de Danna ser\u00e1n expuestos hoy   desde  las 10:00 de la ma\u00f1ana hasta las 2:00 de la tarde en la Funeraria Blandino  de la Abraham Lincoln.<\/p>\n<div class=\"c-detail__box \">\n<article class=\"c-detail__sumario \">\n<figure class=\"c-detail__sumario__thumb\" style=\"display: block;\">\n            <a href=\"#\" title=\"\">\n                <picture data-size=\"w:140,h:140\" loading=\"lazy\" src=\"https:\/\/imagenes.hoy.com.do\/files\/related_image\/uploads\/2026\/04\/29\/69f25d96077a2.jpeg\" data-full-src=\"https:\/\/imagenes.hoy.com.do\/uploads\/2026\/04\/29\/69f25d96077a2.jpeg\">\n                    <img loading=\"lazy\" decoding=\"async\" width=\"140\" height=\"140\" alt=\"Danna Sof\u00eda Uribe\" src=\"https:\/\/imagenes.hoy.com.do\/uploads\/2026\/04\/29\/69f25d96077a2.jpeg\"\/>\n                <\/picture>\n            <\/a><br \/>\n        <\/figure>\n<\/article>\n<\/div>\n<p class=\"paragraph\">Varias personalidades han expresado su p\u00e9same a Uribe y su familia por el fallecimiento de la juvenil Danna. Uribe  ha recibido muestra de dolor del presidente del Comit\u00e9 Ol\u00edmpico Dominicano, Garibaldy Bautista, del ministro de Deportes Kelvin  Cruz, el ex ministro de Deportes, Felipe Jay Payano, el inmortal del Deporte Rolando Sebel\u00e9n, adem\u00e1s dirigentes federaciones y asociaciones. Los deportistas han destacado  este momento de inmenso dolor, la comunidad del baloncesto, al que Uribe ha dedicado tantas horas, debe unirse en oraciones, para que encuentren fortaleza y consuelo.                                                     La Liga Nacional de Baloncesto (LNB) pospuso los partidos programados para anoche  debido al fallecimiento de Danna.\u00a0<\/p>\n<\/p><\/div>\n","protected":false},"excerpt":{"rendered":"<p>La juvenil de 12 a\u00f1os Danna Sof\u00eda Uribe, que falleci\u00f3 ayer ser\u00e1 sepultada hoy, causando un gran dolor en la familia y las amistades del destacado deportista su padre Rafael Uribe, presidente de la Federaci\u00f3n Dominicana de Baloncesto. El deporte dominicano est\u00e1 de luto en especial el baloncesto por el fallecimiento de la juvenil. Los<\/p>\n","protected":false},"author":1,"featured_media":38125,"comment_status":"open","ping_status":"open","sticky":false,"template":"","format":"standard","meta":{"footnotes":""},"categories":[2],"tags":[],"class_list":["post-38124","post","type-post","status-publish","format-standard","has-post-thumbnail","hentry","category-deporte"],"_links":{"self":[{"href":"https:\/\/acronoticias.com\/index.php\/wp-json\/wp\/v2\/posts\/38124","targetHints":{"allow":["GET"]}}],"collection":[{"href":"https:\/\/acronoticias.com\/index.php\/wp-json\/wp\/v2\/posts"}],"about":[{"href":"https:\/\/acronoticias.com\/index.php\/wp-json\/wp\/v2\/types\/post"}],"author":[{"embeddable":true,"href":"https:\/\/acronoticias.com\/index.php\/wp-json\/wp\/v2\/users\/1"}],"replies":[{"embeddable":true,"href":"https:\/\/acronoticias.com\/index.php\/wp-json\/wp\/v2\/comments?post=38124"}],"version-history":[{"count":0,"href":"https:\/\/acronoticias.com\/index.php\/wp-json\/wp\/v2\/posts\/38124\/revisions"}],"wp:featuredmedia":[{"embeddable":true,"href":"https:\/\/acronoticias.com\/index.php\/wp-json\/wp\/v2\/media\/38125"}],"wp:attachment":[{"href":"https:\/\/acronoticias.com\/index.php\/wp-json\/wp\/v2\/media?parent=38124"}],"wp:term":[{"taxonomy":"category","embeddable":true,"href":"https:\/\/acronoticias.com\/index.php\/wp-json\/wp\/v2\/categories?post=38124"},{"taxonomy":"post_tag","embeddable":true,"href":"https:\/\/acronoticias.com\/index.php\/wp-json\/wp\/v2\/tags?post=38124"}],"curies":[{"name":"wp","href":"https:\/\/api.w.org\/{rel}","templated":true}]}}