{"id":38120,"date":"2026-04-30T12:14:42","date_gmt":"2026-04-30T12:14:42","guid":{"rendered":"https:\/\/acronoticias.com\/index.php\/2026\/04\/30\/congreso-de-el-salvador-cambia-reglas-para-escoger-arbitro-electoral-ante-eventual-reeleccion-de-bukele\/"},"modified":"2026-04-30T12:14:42","modified_gmt":"2026-04-30T12:14:42","slug":"congreso-de-el-salvador-cambia-reglas-para-escoger-arbitro-electoral-ante-eventual-reeleccion-de-bukele","status":"publish","type":"post","link":"https:\/\/acronoticias.com\/index.php\/2026\/04\/30\/congreso-de-el-salvador-cambia-reglas-para-escoger-arbitro-electoral-ante-eventual-reeleccion-de-bukele\/","title":{"rendered":"Congreso de El Salvador cambia reglas para escoger \u00e1rbitro electoral ante eventual reelecci\u00f3n de Bukele"},"content":{"rendered":"<p><img loading=\"lazy\" decoding=\"async\" width=\"355\" height=\"200\" src=\"https:\/\/nuevodiario-assets.s3.us-east-2.amazonaws.com\/wp-content\/uploads\/2026\/04\/Najib-Bukele-355x200.jpeg\" class=\"webfeedsFeaturedVisual not-transparent wp-post-image\" alt=\"\" style=\"--dominant-color: #917b6c;margin-bottom: 5px;clear:both;max-width: 100%\" data-has-transparency=\"false\" data-dominant-color=\"917b6c\" \/><\/p>\n<p><strong>EL SALVADOR.- <\/strong>El Congreso de El Salvador, controlado por el oficialismo, cambi\u00f3 el mi\u00e9rcoles las reglas para elegir al \u00e1rbitro electoral, a menos de un a\u00f1o de las presidenciales en las que se da por descontado que el mandatario Nayib Bukele buscar\u00e1 un nuevo per\u00edodo.<\/p>\n<div class=\"viewer-page-container\">\n<div class=\"text-container articles\">\n<div dir=\"ltr\">\n<div class=\"viewer-container\">\n<div class=\"narrow-container\">\n<div class=\"story-text\" data-id=\"story_page_story_content\">\n<div class=\"story-content ng-star-inserted\">\n<div class=\"content-inner-html copyTarget ng-star-inserted\">\n<article>Hasta ahora, tres de los cinco magistrados electorales eran propuestos por los partidos con m\u00e1s votos en los comicios previos y los dos restantes por la Corte Suprema de Justicia, pero una reforma constitucional planteada por Bukele horas antes dej\u00f3 esa facultad en manos de la Asamblea Legislativa.La enmienda fue aprobada por 57 de los 60 diputados que integran el Congreso en este pa\u00eds donde Bukele controla pr\u00e1cticamente todos los poderes.\u00bbNo m\u00e1s cuotas partidarias. No m\u00e1s agendas ni intereses personales en la m\u00e1xima autoridad electoral\u00bb, se\u00f1al\u00f3 en la red social X el presidente del Legislativo, Ernesto Castro.<\/p>\n<p>Los actuales magistrados del Tribunal Supremo Electoral (TSE) fueron elegidos en 2024 por un periodo de cinco a\u00f1os y seguir\u00e1n siendo la autoridad de las elecciones generales de febrero de 2027.<\/p>\n<p>Se da por hecho que Bukele buscar\u00e1 un tercer mandato consecutivo en esos comicios gracias a la amplia popularidad que le da su guerra contra las pandillas, cuestionada por grupos de derechos humanos.<\/p>\n<p>La reforma \u00abest\u00e1 pensada para que el partido oficial controle totalmente al ente electoral\u00bb, denunci\u00f3 en X la oeneg\u00e9 Acci\u00f3n Ciudadana.<\/p>\n<p>Previamente, los diputados aprobaron otra modificaci\u00f3n constitucional, a petici\u00f3n de Bukele, que permitir\u00e1 a los salvadore\u00f1os que viven en el extranjero tener representaci\u00f3n en el Congreso.<\/p>\n<p>Esas personas ya pod\u00edan elegir presidente. Ahora habr\u00e1 un circunscripci\u00f3n especial para votar por legisladores, cuyo n\u00famero depender\u00e1 del padr\u00f3n electoral.<\/p>\n<p>Seg\u00fan la presidencia, unos tres millones de salvadore\u00f1os viven en el exterior. Casi un tercio de ellos est\u00e1 habilitado para votar.<\/p>\n<p>Durante el gobierno de Bukele, el Congreso ha reformado la Constituci\u00f3n en varias ocasiones. El a\u00f1o pasado aprob\u00f3 la reelecci\u00f3n indefinida a pedido del presidente, que lleg\u00f3 al poder en 2019.<\/p>\n<\/article>\n<\/div>\n<\/div>\n<\/div>\n<\/div>\n<\/div>\n<\/div>\n<\/div>\n<\/div>\n<p>La entrada <a href=\"https:\/\/elnuevodiario.com.do\/congreso-de-el-salvador-cambia-reglas-para-nombrar-al-arbitro-electoral-ante-eventual-reeleccion-de-bukele\/\">Congreso de El Salvador cambia reglas para escoger \u00e1rbitro electoral ante eventual reelecci\u00f3n de Bukele<\/a> se public\u00f3 primero en <a href=\"https:\/\/elnuevodiario.com.do\">El Nuevo Diario (Rep\u00fablica Dominicana)<\/a>.<\/p>\n","protected":false},"excerpt":{"rendered":"<p>EL SALVADOR.- El Congreso de El Salvador, controlado por el oficialismo, cambi\u00f3 el mi\u00e9rcoles las reglas para elegir al \u00e1rbitro electoral, a menos de un a\u00f1o de las presidenciales en las que se da por descontado que el mandatario Nayib Bukele buscar\u00e1 un nuevo per\u00edodo. Hasta ahora, tres de los cinco magistrados electorales eran propuestos<\/p>\n","protected":false},"author":1,"featured_media":38121,"comment_status":"open","ping_status":"open","sticky":false,"template":"","format":"standard","meta":{"footnotes":""},"categories":[3],"tags":[],"class_list":["post-38120","post","type-post","status-publish","format-standard","has-post-thumbnail","hentry","category-internacionales"],"_links":{"self":[{"href":"https:\/\/acronoticias.com\/index.php\/wp-json\/wp\/v2\/posts\/38120","targetHints":{"allow":["GET"]}}],"collection":[{"href":"https:\/\/acronoticias.com\/index.php\/wp-json\/wp\/v2\/posts"}],"about":[{"href":"https:\/\/acronoticias.com\/index.php\/wp-json\/wp\/v2\/types\/post"}],"author":[{"embeddable":true,"href":"https:\/\/acronoticias.com\/index.php\/wp-json\/wp\/v2\/users\/1"}],"replies":[{"embeddable":true,"href":"https:\/\/acronoticias.com\/index.php\/wp-json\/wp\/v2\/comments?post=38120"}],"version-history":[{"count":0,"href":"https:\/\/acronoticias.com\/index.php\/wp-json\/wp\/v2\/posts\/38120\/revisions"}],"wp:featuredmedia":[{"embeddable":true,"href":"https:\/\/acronoticias.com\/index.php\/wp-json\/wp\/v2\/media\/38121"}],"wp:attachment":[{"href":"https:\/\/acronoticias.com\/index.php\/wp-json\/wp\/v2\/media?parent=38120"}],"wp:term":[{"taxonomy":"category","embeddable":true,"href":"https:\/\/acronoticias.com\/index.php\/wp-json\/wp\/v2\/categories?post=38120"},{"taxonomy":"post_tag","embeddable":true,"href":"https:\/\/acronoticias.com\/index.php\/wp-json\/wp\/v2\/tags?post=38120"}],"curies":[{"name":"wp","href":"https:\/\/api.w.org\/{rel}","templated":true}]}}