{"id":38116,"date":"2026-04-30T11:38:36","date_gmt":"2026-04-30T11:38:36","guid":{"rendered":"https:\/\/acronoticias.com\/index.php\/2026\/04\/30\/comunicador-jhossan-capell-inicia-proyecto-de-entrega-de-casetas-para-personas-sin-hogar\/"},"modified":"2026-04-30T11:38:36","modified_gmt":"2026-04-30T11:38:36","slug":"comunicador-jhossan-capell-inicia-proyecto-de-entrega-de-casetas-para-personas-sin-hogar","status":"publish","type":"post","link":"https:\/\/acronoticias.com\/index.php\/2026\/04\/30\/comunicador-jhossan-capell-inicia-proyecto-de-entrega-de-casetas-para-personas-sin-hogar\/","title":{"rendered":"Comunicador Jhossan Capell inicia proyecto de entrega de casetas para personas sin hogar"},"content":{"rendered":"<p><img loading=\"lazy\" decoding=\"async\" width=\"355\" height=\"200\" src=\"https:\/\/nuevodiario-assets.s3.us-east-2.amazonaws.com\/wp-content\/uploads\/2026\/04\/Capell-355x200.jpg\" class=\"webfeedsFeaturedVisual not-transparent wp-post-image\" alt=\"\" style=\"--dominant-color: #3a3129;margin-bottom: 5px;clear:both;max-width: 100%\" data-has-transparency=\"false\" data-dominant-color=\"3a3129\" \/><\/p>\n<p>EL NUEVO DIARIO, SANTO DOMINGO.- El comunicador y abogado Jhossan Capell anunci\u00f3 un nuevo proyecto con entrega de casetas a personas sin hogar del pa\u00eds.<\/p>\n<p>Capell reiter\u00f3 sus disculpas luego del incidente ocurrido en medio de una discusi\u00f3n relacionada con el caso del centro nocturno Jet Set en el Palacio de Justicia, donde agredi\u00f3 a un querellante del caso, mientras se conoc\u00eda la decisi\u00f3n sobre si los hermanos Espaillat ir\u00edan a juicio de fondo.<\/p>\n<p>En un video publicado en sus redes sociales, Capell aparece reflexionando sobre lo ocurrido, asegurando que atraviesa un proceso personal y espiritual, y que lo sucedido representa para \u00e9l un \u201cpunto de cambio\u201d en su vida.<\/p>\n<p>\u00abHoy ha sido uno de los momentos m\u00e1s dif\u00edciles para m\u00ed\u2026 un error que no me va a afligir, sino que me va a levantar\u201d, expres\u00f3, al tiempo que se\u00f1al\u00f3 que est\u00e1 reorientando su vida y proyectos personales tras la situaci\u00f3n.<\/p>\n<p>Adem\u00e1s asegur\u00f3 que ha tenido un acercamiento a Dios para que lo ilumine en esta situaci\u00f3n.<\/p>\n<p>Su nuevo proyecto social que asegura haber iniciado, est\u00e1 enfocado en ayudar a indigentes mediante la entrega de casetas, en busca de evitar que duerman a la intemperie.<\/p>\n<p>Actualmente, el agredido Jos\u00e9 Luis Custodio Almonte, padre de una de las v\u00edctimas fallecidas en el colapso de la discoteca Jet Set, interpuso una demanda contra\u00a0 Capell y solicit\u00f3 a la Procuradur\u00eda que act\u00fae de manera inmediata contra el comunicador.<\/p>\n<p>La entrada <a href=\"https:\/\/elnuevodiario.com.do\/comunicador-jhossan-capell-inicia-proyecto-de-entrega-de-casetas-para-personas-sin-hogar\/\">Comunicador Jhossan Capell inicia proyecto de entrega de casetas para personas sin hogar<\/a> se public\u00f3 primero en <a href=\"https:\/\/elnuevodiario.com.do\">El Nuevo Diario (Rep\u00fablica Dominicana)<\/a>.<\/p>\n","protected":false},"excerpt":{"rendered":"<p>EL NUEVO DIARIO, SANTO DOMINGO.- El comunicador y abogado Jhossan Capell anunci\u00f3 un nuevo proyecto con entrega de casetas a personas sin hogar del pa\u00eds. Capell reiter\u00f3 sus disculpas luego del incidente ocurrido en medio de una discusi\u00f3n relacionada con el caso del centro nocturno Jet Set en el Palacio de Justicia, donde agredi\u00f3 a<\/p>\n","protected":false},"author":1,"featured_media":38117,"comment_status":"open","ping_status":"open","sticky":false,"template":"","format":"standard","meta":{"footnotes":""},"categories":[1],"tags":[],"class_list":["post-38116","post","type-post","status-publish","format-standard","has-post-thumbnail","hentry","category-nacionales"],"_links":{"self":[{"href":"https:\/\/acronoticias.com\/index.php\/wp-json\/wp\/v2\/posts\/38116","targetHints":{"allow":["GET"]}}],"collection":[{"href":"https:\/\/acronoticias.com\/index.php\/wp-json\/wp\/v2\/posts"}],"about":[{"href":"https:\/\/acronoticias.com\/index.php\/wp-json\/wp\/v2\/types\/post"}],"author":[{"embeddable":true,"href":"https:\/\/acronoticias.com\/index.php\/wp-json\/wp\/v2\/users\/1"}],"replies":[{"embeddable":true,"href":"https:\/\/acronoticias.com\/index.php\/wp-json\/wp\/v2\/comments?post=38116"}],"version-history":[{"count":0,"href":"https:\/\/acronoticias.com\/index.php\/wp-json\/wp\/v2\/posts\/38116\/revisions"}],"wp:featuredmedia":[{"embeddable":true,"href":"https:\/\/acronoticias.com\/index.php\/wp-json\/wp\/v2\/media\/38117"}],"wp:attachment":[{"href":"https:\/\/acronoticias.com\/index.php\/wp-json\/wp\/v2\/media?parent=38116"}],"wp:term":[{"taxonomy":"category","embeddable":true,"href":"https:\/\/acronoticias.com\/index.php\/wp-json\/wp\/v2\/categories?post=38116"},{"taxonomy":"post_tag","embeddable":true,"href":"https:\/\/acronoticias.com\/index.php\/wp-json\/wp\/v2\/tags?post=38116"}],"curies":[{"name":"wp","href":"https:\/\/api.w.org\/{rel}","templated":true}]}}