{"id":38094,"date":"2026-04-30T08:41:47","date_gmt":"2026-04-30T08:41:47","guid":{"rendered":"https:\/\/acronoticias.com\/index.php\/2026\/04\/30\/aumentan-a-16-las-demarcaciones-en-alerta-amarilla-por-vaguada-y-sistema-frontal-2\/"},"modified":"2026-04-30T08:41:47","modified_gmt":"2026-04-30T08:41:47","slug":"aumentan-a-16-las-demarcaciones-en-alerta-amarilla-por-vaguada-y-sistema-frontal-2","status":"publish","type":"post","link":"https:\/\/acronoticias.com\/index.php\/2026\/04\/30\/aumentan-a-16-las-demarcaciones-en-alerta-amarilla-por-vaguada-y-sistema-frontal-2\/","title":{"rendered":"Aumentan a 16 las demarcaciones en alerta amarilla por vaguada y sistema frontal"},"content":{"rendered":"<div data-td-block-uid=\"tdi_100\">\n<div class=\"tdb-block-inner td-fix-index\">\n<p><strong>SANTO DOMINGO.\u2013<\/strong> El <strong>Centro de Operaciones de Emergencias (COE)<\/strong> increment\u00f3 a 15 provincias y el Distrito Nacional el nivel de alerta amarilla, mientras mantiene otras 9 en alerta verde, debido a la incidencia de una vaguada asociada a un sistema frontal.<\/p>\n<p>En alerta amarilla est\u00e1n Mar\u00eda Trinidad S\u00e1nchez, Santiago, Duarte (con especial atenci\u00f3n al Bajo Yuna), Puerto Plata, Hermanas Mirabal, Hato Mayor, Valverde, Distrito Nacional, Monse\u00f1or Nouel, La Vega, S\u00e1nchez Ram\u00edrez, Espaillat, Saman\u00e1, Montecristi, Santo Domingo y Santiago Rodr\u00edguez.<\/p>\n<p>Mientras que en verde, el organismo coloc\u00f3 a las provincias Monte Plata, Peravia, San Pedro de Macor\u00eds, San Juan, La Altagracia, San Jos\u00e9 de Ocoa, San Crist\u00f3bal, El Seibo y La Romana.<\/p>\n<p>Los informes t\u00e9cnicos del Instituto Dominicano de Meteorolog\u00eda (Indomet) y del Instituto Nacional de Recursos Hidr\u00e1ulicos (Indrhi) advierten sobre acumulados de lluvias significativos para la tarde y la noche de este mi\u00e9rcoles.<\/p>\n<p>Ante el potencial de inundaciones y crecidas, los organismos de socorro instaron a la poblaci\u00f3n a no cruzar r\u00edos, arroyos o ca\u00f1adas con caudales elevados.<\/p>\n<p>Asimismo, queda prohibido el uso de balnearios en todas las provincias bajo vigilancia meteorol\u00f3gica.<\/p>\n<\/div>\n<\/div>\n","protected":false},"excerpt":{"rendered":"<p>SANTO DOMINGO.\u2013 El Centro de Operaciones de Emergencias (COE) increment\u00f3 a 15 provincias y el Distrito Nacional el nivel de alerta amarilla, mientras mantiene otras 9 en alerta verde, debido a la incidencia de una vaguada asociada a un sistema frontal. En alerta amarilla est\u00e1n Mar\u00eda Trinidad S\u00e1nchez, Santiago, Duarte (con especial atenci\u00f3n al Bajo<\/p>\n","protected":false},"author":1,"featured_media":38095,"comment_status":"open","ping_status":"open","sticky":false,"template":"","format":"standard","meta":{"footnotes":""},"categories":[1],"tags":[],"class_list":["post-38094","post","type-post","status-publish","format-standard","has-post-thumbnail","hentry","category-nacionales"],"_links":{"self":[{"href":"https:\/\/acronoticias.com\/index.php\/wp-json\/wp\/v2\/posts\/38094","targetHints":{"allow":["GET"]}}],"collection":[{"href":"https:\/\/acronoticias.com\/index.php\/wp-json\/wp\/v2\/posts"}],"about":[{"href":"https:\/\/acronoticias.com\/index.php\/wp-json\/wp\/v2\/types\/post"}],"author":[{"embeddable":true,"href":"https:\/\/acronoticias.com\/index.php\/wp-json\/wp\/v2\/users\/1"}],"replies":[{"embeddable":true,"href":"https:\/\/acronoticias.com\/index.php\/wp-json\/wp\/v2\/comments?post=38094"}],"version-history":[{"count":0,"href":"https:\/\/acronoticias.com\/index.php\/wp-json\/wp\/v2\/posts\/38094\/revisions"}],"wp:featuredmedia":[{"embeddable":true,"href":"https:\/\/acronoticias.com\/index.php\/wp-json\/wp\/v2\/media\/38095"}],"wp:attachment":[{"href":"https:\/\/acronoticias.com\/index.php\/wp-json\/wp\/v2\/media?parent=38094"}],"wp:term":[{"taxonomy":"category","embeddable":true,"href":"https:\/\/acronoticias.com\/index.php\/wp-json\/wp\/v2\/categories?post=38094"},{"taxonomy":"post_tag","embeddable":true,"href":"https:\/\/acronoticias.com\/index.php\/wp-json\/wp\/v2\/tags?post=38094"}],"curies":[{"name":"wp","href":"https:\/\/api.w.org\/{rel}","templated":true}]}}