{"id":38091,"date":"2026-04-30T08:25:44","date_gmt":"2026-04-30T08:25:44","guid":{"rendered":"https:\/\/acronoticias.com\/index.php\/2026\/04\/30\/aumentan-a-16-las-demarcaciones-en-alerta-amarilla-por-vaguada-y-sistema-frontal\/"},"modified":"2026-04-30T08:25:44","modified_gmt":"2026-04-30T08:25:44","slug":"aumentan-a-16-las-demarcaciones-en-alerta-amarilla-por-vaguada-y-sistema-frontal","status":"publish","type":"post","link":"https:\/\/acronoticias.com\/index.php\/2026\/04\/30\/aumentan-a-16-las-demarcaciones-en-alerta-amarilla-por-vaguada-y-sistema-frontal\/","title":{"rendered":"Aumentan a 16 las demarcaciones en alerta amarilla por vaguada y sistema frontal"},"content":{"rendered":"<div data-td-block-uid=\"tdi_100\">\n<div class=\"tdb-block-inner td-fix-index\">\n<p>SANTO DOMINGO.- El Centro de Operaciones de Emergencias (COE) increment\u00f3 a 15 provincias y el Distrito Nacional el nivel de alerta amarilla, mientras que mantiene otras 9 en alerta verde, debido a la incidencia de una vaguada vinculada a un sistema frontal.<\/p>\n<p>En amarilla est\u00e1n Mar\u00eda Trinidad S\u00e1nchez, Santiago, Duarte, con especial atenci\u00f3n al Bajo Yuna; Puerto Plata, Hermanas Mirabal, Hato Mayor, Valverde, Distrito Nacional, Monse\u00f1or Nouel, La Vega, S\u00e1nchez Ram\u00edrez, Espaillat, Saman\u00e1, Montecristi, Santo Domingo y Santiago Rodr\u00edguez.<\/p>\n<p>Mientras que en verde el organismo coloc\u00f3 a las provincias Monte Plata, Peravia, San Pedro de Macor\u00eds, San Juan, La Altagracia, San Jos\u00e9 de Ocoa, San Crist\u00f3bal, El Seibo y La Romana.<\/p>\n<p>Los informes t\u00e9cnicos del Instituto Dominicano de Meteorolog\u00eda (Indomet) y el Instituto Nacional de Recursos Hidr\u00e1ulicos (Indrhi) advierten sobre acumulados de lluvia significativos para la tarde y noche de este mi\u00e9rcoles.<\/p>\n<p>Ante el potencial de inundaciones y crecidas, los organismos de socorro instaron a la poblaci\u00f3n a no cruzar r\u00edos, arroyos o ca\u00f1adas con caudales elevados.<\/p>\n<p>Asimismo, queda prohibido el uso de balnearios en todas las provincias bajo vigilancia meteorol\u00f3gica.<\/p>\n<figure class=\"wp-block-image size-large\"><img data-recalc-dims=\"1\" fetchpriority=\"high\" decoding=\"async\" width=\"696\" height=\"938\" data-attachment-id=\"499696\" data-permalink=\"https:\/\/rnn.com.do\/aumentan-a-16-las-demarcaciones-en-alerta-amarilla-por-vaguada-y-sistema-frontal-2\/alerta-10\/\" data-orig-file=\"https:\/\/i0.wp.com\/rnn.com.do\/wp-content\/uploads\/2026\/04\/alerta.jpg?fit=799%2C1076&amp;ssl=1\" data-orig-size=\"799,1076\" data-comments-opened=\"1\" data-image-meta=\"{&quot;aperture&quot;:&quot;0&quot;,&quot;credit&quot;:&quot;&quot;,&quot;camera&quot;:&quot;&quot;,&quot;caption&quot;:&quot;&quot;,&quot;created_timestamp&quot;:&quot;0&quot;,&quot;copyright&quot;:&quot;&quot;,&quot;focal_length&quot;:&quot;0&quot;,&quot;iso&quot;:&quot;0&quot;,&quot;shutter_speed&quot;:&quot;0&quot;,&quot;title&quot;:&quot;&quot;,&quot;orientation&quot;:&quot;0&quot;}\" data-image-title=\"alerta\" data-image-description=\"\" data-image-caption=\"\" data-large-file=\"https:\/\/i0.wp.com\/rnn.com.do\/wp-content\/uploads\/2026\/04\/alerta.jpg?fit=696%2C938&amp;ssl=1\" src=\"https:\/\/i0.wp.com\/rnn.com.do\/wp-content\/uploads\/2026\/04\/alerta.jpg?resize=696%2C938&amp;ssl=1\" alt=\"\" class=\"wp-image-499696\" srcset=\"https:\/\/i0.wp.com\/rnn.com.do\/wp-content\/uploads\/2026\/04\/alerta.jpg?resize=760%2C1024&amp;ssl=1 760w, https:\/\/i0.wp.com\/rnn.com.do\/wp-content\/uploads\/2026\/04\/alerta.jpg?resize=223%2C300&amp;ssl=1 223w, https:\/\/i0.wp.com\/rnn.com.do\/wp-content\/uploads\/2026\/04\/alerta.jpg?resize=768%2C1034&amp;ssl=1 768w, https:\/\/i0.wp.com\/rnn.com.do\/wp-content\/uploads\/2026\/04\/alerta.jpg?resize=312%2C420&amp;ssl=1 312w, https:\/\/i0.wp.com\/rnn.com.do\/wp-content\/uploads\/2026\/04\/alerta.jpg?resize=150%2C202&amp;ssl=1 150w, https:\/\/i0.wp.com\/rnn.com.do\/wp-content\/uploads\/2026\/04\/alerta.jpg?resize=300%2C404&amp;ssl=1 300w, https:\/\/i0.wp.com\/rnn.com.do\/wp-content\/uploads\/2026\/04\/alerta.jpg?resize=696%2C937&amp;ssl=1 696w, https:\/\/i0.wp.com\/rnn.com.do\/wp-content\/uploads\/2026\/04\/alerta.jpg?w=799&amp;ssl=1 799w\" sizes=\"(max-width: 696px) 100vw, 696px\"\/><\/figure>\n<\/div>\n<\/div>\n","protected":false},"excerpt":{"rendered":"<p>SANTO DOMINGO.- El Centro de Operaciones de Emergencias (COE) increment\u00f3 a 15 provincias y el Distrito Nacional el nivel de alerta amarilla, mientras que mantiene otras 9 en alerta verde, debido a la incidencia de una vaguada vinculada a un sistema frontal. En amarilla est\u00e1n Mar\u00eda Trinidad S\u00e1nchez, Santiago, Duarte, con especial atenci\u00f3n al Bajo<\/p>\n","protected":false},"author":1,"featured_media":34279,"comment_status":"open","ping_status":"open","sticky":false,"template":"","format":"standard","meta":{"footnotes":""},"categories":[1],"tags":[],"class_list":["post-38091","post","type-post","status-publish","format-standard","has-post-thumbnail","hentry","category-nacionales"],"_links":{"self":[{"href":"https:\/\/acronoticias.com\/index.php\/wp-json\/wp\/v2\/posts\/38091","targetHints":{"allow":["GET"]}}],"collection":[{"href":"https:\/\/acronoticias.com\/index.php\/wp-json\/wp\/v2\/posts"}],"about":[{"href":"https:\/\/acronoticias.com\/index.php\/wp-json\/wp\/v2\/types\/post"}],"author":[{"embeddable":true,"href":"https:\/\/acronoticias.com\/index.php\/wp-json\/wp\/v2\/users\/1"}],"replies":[{"embeddable":true,"href":"https:\/\/acronoticias.com\/index.php\/wp-json\/wp\/v2\/comments?post=38091"}],"version-history":[{"count":0,"href":"https:\/\/acronoticias.com\/index.php\/wp-json\/wp\/v2\/posts\/38091\/revisions"}],"wp:featuredmedia":[{"embeddable":true,"href":"https:\/\/acronoticias.com\/index.php\/wp-json\/wp\/v2\/media\/34279"}],"wp:attachment":[{"href":"https:\/\/acronoticias.com\/index.php\/wp-json\/wp\/v2\/media?parent=38091"}],"wp:term":[{"taxonomy":"category","embeddable":true,"href":"https:\/\/acronoticias.com\/index.php\/wp-json\/wp\/v2\/categories?post=38091"},{"taxonomy":"post_tag","embeddable":true,"href":"https:\/\/acronoticias.com\/index.php\/wp-json\/wp\/v2\/tags?post=38091"}],"curies":[{"name":"wp","href":"https:\/\/api.w.org\/{rel}","templated":true}]}}