{"id":38085,"date":"2026-04-30T07:53:37","date_gmt":"2026-04-30T07:53:37","guid":{"rendered":"https:\/\/acronoticias.com\/index.php\/2026\/04\/30\/medio-ambiente-desmiente-privatizacion-de-valle-nuevo-y-regula-zona-de-acampada\/"},"modified":"2026-04-30T07:53:37","modified_gmt":"2026-04-30T07:53:37","slug":"medio-ambiente-desmiente-privatizacion-de-valle-nuevo-y-regula-zona-de-acampada","status":"publish","type":"post","link":"https:\/\/acronoticias.com\/index.php\/2026\/04\/30\/medio-ambiente-desmiente-privatizacion-de-valle-nuevo-y-regula-zona-de-acampada\/","title":{"rendered":"Medio Ambiente desmiente privatizaci\u00f3n de Valle Nuevo y regula zona de acampada"},"content":{"rendered":"<div data-td-block-uid=\"tdi_100\">\n<div class=\"tdb-block-inner td-fix-index\">\n<p>SANTO DOMINGO.- El Ministerio de Medio Ambiente y Recursos Naturales aclar\u00f3 que el <strong>Parque Nacional Valle Nuevo<\/strong> mantiene su car\u00e1cter p\u00fablico y no ha sido privatizado.<\/p>\n<p>La instituci\u00f3n inform\u00f3 que el acceso general al \u00e1rea protegida sigue operando de manera habitual con un costo de <strong>150 pesos<\/strong>, mientras que el pago por servicios de acampada aplica exclusivamente para quienes utilicen <strong>Jard\u00edn del Ed\u00e9n<\/strong>, una nueva zona habilitada para organizar esta actividad.<\/p>\n<p>La creaci\u00f3n de esta \u00e1rea controlada responde a una estrategia iniciada en 2021 para regular la acampada, la cual se realizaba hist\u00f3ricamente sin controles, afectando el ecosistema.<\/p>\n<p>El proyecto utiliza un modelo de <strong>concesi\u00f3n ecotur\u00edstica<\/strong>, donde el Estado autoriza a un tercero a brindar servicios bajo condiciones estrictas, sin transferir la propiedad del terreno, que permanece bajo supervisi\u00f3n institucional.<\/p>\n<p>Este esquema de gesti\u00f3n ya se aplica en otras 35 \u00e1reas del Sistema Nacional de \u00c1reas Protegidas (SINAP), como la Isla Saona y los Saltos de la Damajagua.<\/p>\n<p>Las autoridades reiteraron que la intervenci\u00f3n en Jard\u00edn del Ed\u00e9n se limita a una zona de uso p\u00fablico definida y no afecta las \u00e1reas n\u00facleo ni los espacios de alta sensibilidad ecol\u00f3gica del parque.<\/p>\n<\/div>\n<\/div>\n","protected":false},"excerpt":{"rendered":"<p>SANTO DOMINGO.- El Ministerio de Medio Ambiente y Recursos Naturales aclar\u00f3 que el Parque Nacional Valle Nuevo mantiene su car\u00e1cter p\u00fablico y no ha sido privatizado. La instituci\u00f3n inform\u00f3 que el acceso general al \u00e1rea protegida sigue operando de manera habitual con un costo de 150 pesos, mientras que el pago por servicios de acampada<\/p>\n","protected":false},"author":1,"featured_media":38086,"comment_status":"open","ping_status":"open","sticky":false,"template":"","format":"standard","meta":{"footnotes":""},"categories":[1],"tags":[],"class_list":["post-38085","post","type-post","status-publish","format-standard","has-post-thumbnail","hentry","category-nacionales"],"_links":{"self":[{"href":"https:\/\/acronoticias.com\/index.php\/wp-json\/wp\/v2\/posts\/38085","targetHints":{"allow":["GET"]}}],"collection":[{"href":"https:\/\/acronoticias.com\/index.php\/wp-json\/wp\/v2\/posts"}],"about":[{"href":"https:\/\/acronoticias.com\/index.php\/wp-json\/wp\/v2\/types\/post"}],"author":[{"embeddable":true,"href":"https:\/\/acronoticias.com\/index.php\/wp-json\/wp\/v2\/users\/1"}],"replies":[{"embeddable":true,"href":"https:\/\/acronoticias.com\/index.php\/wp-json\/wp\/v2\/comments?post=38085"}],"version-history":[{"count":0,"href":"https:\/\/acronoticias.com\/index.php\/wp-json\/wp\/v2\/posts\/38085\/revisions"}],"wp:featuredmedia":[{"embeddable":true,"href":"https:\/\/acronoticias.com\/index.php\/wp-json\/wp\/v2\/media\/38086"}],"wp:attachment":[{"href":"https:\/\/acronoticias.com\/index.php\/wp-json\/wp\/v2\/media?parent=38085"}],"wp:term":[{"taxonomy":"category","embeddable":true,"href":"https:\/\/acronoticias.com\/index.php\/wp-json\/wp\/v2\/categories?post=38085"},{"taxonomy":"post_tag","embeddable":true,"href":"https:\/\/acronoticias.com\/index.php\/wp-json\/wp\/v2\/tags?post=38085"}],"curies":[{"name":"wp","href":"https:\/\/api.w.org\/{rel}","templated":true}]}}