{"id":38084,"date":"2026-04-30T07:37:46","date_gmt":"2026-04-30T07:37:46","guid":{"rendered":"https:\/\/acronoticias.com\/index.php\/2026\/04\/30\/ministerio-publico-solicita-prision-preventiva-contra-profesor-por-acoso-sexual-a-una-estudiante\/"},"modified":"2026-04-30T07:37:46","modified_gmt":"2026-04-30T07:37:46","slug":"ministerio-publico-solicita-prision-preventiva-contra-profesor-por-acoso-sexual-a-una-estudiante","status":"publish","type":"post","link":"https:\/\/acronoticias.com\/index.php\/2026\/04\/30\/ministerio-publico-solicita-prision-preventiva-contra-profesor-por-acoso-sexual-a-una-estudiante\/","title":{"rendered":"Ministerio P\u00fablico solicita prisi\u00f3n preventiva contra profesor por acoso sexual a una estudiante"},"content":{"rendered":"<div data-td-block-uid=\"tdi_100\">\n<div class=\"tdb-block-inner td-fix-index\">\n<p>SANTO DOMINGO.-La Fiscal\u00eda del Distrito Nacional solicit\u00f3 prisi\u00f3n preventiva como medida de coerci\u00f3n contra el profesor de matem\u00e1ticas\u00a0<strong>Inocencio Lebr\u00f3n Montero<\/strong>, acusado de acoso sexual en perjuicio de una estudiante adolescente del\u00a0<strong>Instituto Polit\u00e9cnico V\u00edctor Estrella Liz<\/strong>\u00a0(La Perito). <\/p>\n<p>La audiencia para conocer la solicitud fue aplazada para este s\u00e1bado\u00a0<strong>2 de mayo<\/strong>\u00a0por la jueza Lissa Veras.\u00a0<\/p>\n<p>Seg\u00fan la investigaci\u00f3n,\u00a0Lebr\u00f3n Montero\u00a0aprovech\u00f3 su posici\u00f3n de docente para ejercer presi\u00f3n emocional sobre la menor, forzando encuentros en su veh\u00edculo privado donde presuntamente realiz\u00f3 tocamientos indebidos. <\/p>\n<p>El Ministerio P\u00fablico present\u00f3 como evidencia una evaluaci\u00f3n del\u00a0<strong>Inacif<\/strong>\u00a0que confirma indicadores psicol\u00f3gicos compatibles con abuso, calificando el hecho como violaci\u00f3n a los art\u00edculos 330 y 333 del C\u00f3digo Penal y al C\u00f3digo para la Protecci\u00f3n de Ni\u00f1os, Ni\u00f1as y Adolescentes (<a href=\"https:\/\/pgr.gob.do\/ministerio-publico-solicita-prision-preventiva-contra-profesor-imputado-por-acoso-sexual-contra-una-estudiante\/\" target=\"_blank\" rel=\"noreferrer noopener\">PGR<\/a>).<\/p>\n<p>El arresto de Lebr\u00f3n, efectuado el pasado 22 de abril, ha desatado una ola de testimonios en redes sociales sobre una presunta red de silencio y otros posibles casos de abuso dentro del plantel educativo. Por su parte, la\u00a0<strong>Asociaci\u00f3n Dominicana de Profesores (ADP)<\/strong>\u00a0conden\u00f3 los hechos y respald\u00f3 la aplicaci\u00f3n de sanciones disciplinarias dr\u00e1sticas, mientras que el Ministerio de Educaci\u00f3n (Minerd) mantiene bajo observaci\u00f3n administrativa al personal directivo del centro<\/p>\n<\/div>\n<\/div>\n","protected":false},"excerpt":{"rendered":"<p>SANTO DOMINGO.-La Fiscal\u00eda del Distrito Nacional solicit\u00f3 prisi\u00f3n preventiva como medida de coerci\u00f3n contra el profesor de matem\u00e1ticas\u00a0Inocencio Lebr\u00f3n Montero, acusado de acoso sexual en perjuicio de una estudiante adolescente del\u00a0Instituto Polit\u00e9cnico V\u00edctor Estrella Liz\u00a0(La Perito). La audiencia para conocer la solicitud fue aplazada para este s\u00e1bado\u00a02 de mayo\u00a0por la jueza Lissa Veras.\u00a0 Seg\u00fan la<\/p>\n","protected":false},"author":1,"featured_media":30593,"comment_status":"open","ping_status":"open","sticky":false,"template":"","format":"standard","meta":{"footnotes":""},"categories":[1],"tags":[],"class_list":["post-38084","post","type-post","status-publish","format-standard","has-post-thumbnail","hentry","category-nacionales"],"_links":{"self":[{"href":"https:\/\/acronoticias.com\/index.php\/wp-json\/wp\/v2\/posts\/38084","targetHints":{"allow":["GET"]}}],"collection":[{"href":"https:\/\/acronoticias.com\/index.php\/wp-json\/wp\/v2\/posts"}],"about":[{"href":"https:\/\/acronoticias.com\/index.php\/wp-json\/wp\/v2\/types\/post"}],"author":[{"embeddable":true,"href":"https:\/\/acronoticias.com\/index.php\/wp-json\/wp\/v2\/users\/1"}],"replies":[{"embeddable":true,"href":"https:\/\/acronoticias.com\/index.php\/wp-json\/wp\/v2\/comments?post=38084"}],"version-history":[{"count":0,"href":"https:\/\/acronoticias.com\/index.php\/wp-json\/wp\/v2\/posts\/38084\/revisions"}],"wp:featuredmedia":[{"embeddable":true,"href":"https:\/\/acronoticias.com\/index.php\/wp-json\/wp\/v2\/media\/30593"}],"wp:attachment":[{"href":"https:\/\/acronoticias.com\/index.php\/wp-json\/wp\/v2\/media?parent=38084"}],"wp:term":[{"taxonomy":"category","embeddable":true,"href":"https:\/\/acronoticias.com\/index.php\/wp-json\/wp\/v2\/categories?post=38084"},{"taxonomy":"post_tag","embeddable":true,"href":"https:\/\/acronoticias.com\/index.php\/wp-json\/wp\/v2\/tags?post=38084"}],"curies":[{"name":"wp","href":"https:\/\/api.w.org\/{rel}","templated":true}]}}