{"id":38077,"date":"2026-04-30T07:05:39","date_gmt":"2026-04-30T07:05:39","guid":{"rendered":"https:\/\/acronoticias.com\/index.php\/2026\/04\/30\/minerd-suspende-docencia-en-montecristi-santiago-rodriguez-y-valverde-por-alerta-roja\/"},"modified":"2026-04-30T07:05:39","modified_gmt":"2026-04-30T07:05:39","slug":"minerd-suspende-docencia-en-montecristi-santiago-rodriguez-y-valverde-por-alerta-roja","status":"publish","type":"post","link":"https:\/\/acronoticias.com\/index.php\/2026\/04\/30\/minerd-suspende-docencia-en-montecristi-santiago-rodriguez-y-valverde-por-alerta-roja\/","title":{"rendered":"Minerd suspende docencia en Montecristi, Santiago Rodr\u00edguez y Valverde por alerta roja"},"content":{"rendered":"<div data-td-block-uid=\"tdi_100\">\n<div class=\"tdb-block-inner td-fix-index\">\n<p><strong>SANTO DOMIMGO. <\/strong>-El\u00a0<strong>Ministerio de Educaci\u00f3n<\/strong>\u00a0(<strong>Minerd<\/strong>)\u00a0<strong>suspendi\u00f3\u00a0la docencia<\/strong>\u00a0este jueves en las provincias de Montecristi, Santiago Rodr\u00edguez y Valverde, declaradas en\u00a0<strong>alerta roja<\/strong>\u00a0por el\u00a0<strong>Centro de Operaciones de Emergencias<\/strong>\u00a0(COE), debido a las fuertes lluvias provocadas por una vaguada asociada a un sistema frontal.<\/p>\n<p>La cartera educativa inst\u00f3 a los\u00a0<strong>directores regionales<\/strong>, distritales y de centros educativos a mantener\u00a0<strong>medidas preventivas<\/strong>\u00a0en las provincias en\u00a0<strong>alerta amarilla<\/strong>\u00a0que cuentan con zonas vulnerables, en funci\u00f3n de la evoluci\u00f3n del clima.<\/p>\n<p>La instituci\u00f3n sostuvo -en una nota de prensa- que estas disposiciones incluyen la\u00a0<strong>evaluaci\u00f3n continua<\/strong>\u00a0de riesgos, as\u00ed como la potestad para\u00a0<strong>suspender la docencia<\/strong>\u00a0en \u00e1reas donde las\u00a0<strong>condiciones climatol\u00f3gicas<\/strong>\u00a0lo ameriten.<\/p>\n<p>El\u00a0<strong>Minerd<\/strong>\u00a0record\u00f3 que, de acuerdo con el\u00a0<strong>Centro de Operaciones de Emergencias<\/strong>\u00a0(COE), la\u00a0<strong>alerta roja<\/strong>\u00a0se declara cuando existe un alto nivel de riesgo para la poblaci\u00f3n, ante la inminente ocurrencia de fen\u00f3menos adversos o cuando estos ya est\u00e1n impactando de manera significativa, lo que requiere la adopci\u00f3n inmediata de\u00a0<strong>medidas de protecci\u00f3n<\/strong>.<\/p>\n<p>La\u00a0<strong>alerta amarilla\u00a0<\/strong>indica una situaci\u00f3n de\u00a0<strong>riesgo moderado<\/strong>\u00a0que puede escalar, por lo que se recomienda a la poblaci\u00f3n mantenerse atenta, y tomar\u00a0<strong>precauciones<\/strong>.<\/p>\n<\/div>\n<\/div>\n","protected":false},"excerpt":{"rendered":"<p>SANTO DOMIMGO. -El\u00a0Ministerio de Educaci\u00f3n\u00a0(Minerd)\u00a0suspendi\u00f3\u00a0la docencia\u00a0este jueves en las provincias de Montecristi, Santiago Rodr\u00edguez y Valverde, declaradas en\u00a0alerta roja\u00a0por el\u00a0Centro de Operaciones de Emergencias\u00a0(COE), debido a las fuertes lluvias provocadas por una vaguada asociada a un sistema frontal. La cartera educativa inst\u00f3 a los\u00a0directores regionales, distritales y de centros educativos a mantener\u00a0medidas preventivas\u00a0en las provincias<\/p>\n","protected":false},"author":1,"featured_media":34243,"comment_status":"open","ping_status":"open","sticky":false,"template":"","format":"standard","meta":{"footnotes":""},"categories":[1],"tags":[],"class_list":["post-38077","post","type-post","status-publish","format-standard","has-post-thumbnail","hentry","category-nacionales"],"_links":{"self":[{"href":"https:\/\/acronoticias.com\/index.php\/wp-json\/wp\/v2\/posts\/38077","targetHints":{"allow":["GET"]}}],"collection":[{"href":"https:\/\/acronoticias.com\/index.php\/wp-json\/wp\/v2\/posts"}],"about":[{"href":"https:\/\/acronoticias.com\/index.php\/wp-json\/wp\/v2\/types\/post"}],"author":[{"embeddable":true,"href":"https:\/\/acronoticias.com\/index.php\/wp-json\/wp\/v2\/users\/1"}],"replies":[{"embeddable":true,"href":"https:\/\/acronoticias.com\/index.php\/wp-json\/wp\/v2\/comments?post=38077"}],"version-history":[{"count":0,"href":"https:\/\/acronoticias.com\/index.php\/wp-json\/wp\/v2\/posts\/38077\/revisions"}],"wp:featuredmedia":[{"embeddable":true,"href":"https:\/\/acronoticias.com\/index.php\/wp-json\/wp\/v2\/media\/34243"}],"wp:attachment":[{"href":"https:\/\/acronoticias.com\/index.php\/wp-json\/wp\/v2\/media?parent=38077"}],"wp:term":[{"taxonomy":"category","embeddable":true,"href":"https:\/\/acronoticias.com\/index.php\/wp-json\/wp\/v2\/categories?post=38077"},{"taxonomy":"post_tag","embeddable":true,"href":"https:\/\/acronoticias.com\/index.php\/wp-json\/wp\/v2\/tags?post=38077"}],"curies":[{"name":"wp","href":"https:\/\/api.w.org\/{rel}","templated":true}]}}