{"id":38069,"date":"2026-04-30T06:08:35","date_gmt":"2026-04-30T06:08:35","guid":{"rendered":"https:\/\/acronoticias.com\/index.php\/2026\/04\/30\/eeuu-vincula-gobernador-a-narcotrafico\/"},"modified":"2026-04-30T06:08:35","modified_gmt":"2026-04-30T06:08:35","slug":"eeuu-vincula-gobernador-a-narcotrafico","status":"publish","type":"post","link":"https:\/\/acronoticias.com\/index.php\/2026\/04\/30\/eeuu-vincula-gobernador-a-narcotrafico\/","title":{"rendered":"EEUU vincula gobernador a narcotr\u00e1fico"},"content":{"rendered":"<div>\n<div class=\"c-detail__author full\">\n<div>\n<div class=\"c-detail__author__thumb\">\n<figure>\n                                <picture src=\"https:\/\/imagenes.hoy.com.do\/files\/image_square_xs\/uploads\/2025\/11\/18\/691c7d5bed035.jpeg\" data-size=\"w:40,h:40\">\n                                    <img decoding=\"async\" loading=\"lazy\" alt=\"EFE EFE\" width=\"40\" height=\"40\" src=\"https:\/\/imagenes.hoy.com.do\/files\/image_square_xs\/uploads\/2025\/11\/18\/691c7d5bed035.jpeg\"\/>\n                                <\/picture>\n                                <\/figure>\n<\/div>\n<\/div>\n<\/div>\n<p>                                                                                            <!-- --><\/p>\n<p class=\"paragraph\">Ciudad de M\u00e9xico. EFE.<\/p>\n<p class=\"paragraph\">La acusaci\u00f3n de EE.UU. contra el gobernador del estado de Sinaloa  Rub\u00e9n Rocha Moya, y otros<b> 9 funcionarios por presuntos nexos con el Cartel de Sinaloa <\/b>ha generado posturas divididas en la pol\u00edtica mexicana, pues mientras el oficialismo respalda al gobierno estatal, la oposici\u00f3n sostiene que el caso confirma sus advertencias sobre v\u00ednculos con crimen.<\/p>\n<p class=\"paragraph\">El l\u00edder del partido Movimiento de Regeneraci\u00f3n Nacional (Morena) en la C\u00e1mara de Diputados, Ricardo Monreal, afirm\u00f3 que \u201cmientras no se compruebe, todos tienen derecho a  presunci\u00f3n  inocencia\u201d.<\/p>\n<div class=\"c-detail__box \">\n<article class=\"c-detail__sumario \">\n<figure class=\"c-detail__sumario__thumb\" style=\"display: block;\">\n            <a href=\"#\" title=\"\">\n                <picture data-size=\"w:140,h:140\" loading=\"lazy\" src=\"https:\/\/imagenes.hoy.com.do\/files\/related_image\/uploads\/2026\/04\/25\/69ece2eed3156.jpeg\" data-full-src=\"https:\/\/imagenes.hoy.com.do\/uploads\/2026\/04\/25\/69ece2eed3156.jpeg\">\n                    <img loading=\"lazy\" decoding=\"async\" width=\"140\" height=\"140\" alt=\"Nicol\u00e1s Maduro\" src=\"https:\/\/imagenes.hoy.com.do\/uploads\/2026\/04\/25\/69ece2eed3156.jpeg\"\/>\n                <\/picture>\n            <\/a><br \/>\n        <\/figure>\n<\/article>\n<\/div><\/div>\n","protected":false},"excerpt":{"rendered":"<p>Ciudad de M\u00e9xico. EFE. La acusaci\u00f3n de EE.UU. contra el gobernador del estado de Sinaloa Rub\u00e9n Rocha Moya, y otros 9 funcionarios por presuntos nexos con el Cartel de Sinaloa ha generado posturas divididas en la pol\u00edtica mexicana, pues mientras el oficialismo respalda al gobierno estatal, la oposici\u00f3n sostiene que el caso confirma sus advertencias<\/p>\n","protected":false},"author":1,"featured_media":38070,"comment_status":"open","ping_status":"open","sticky":false,"template":"","format":"standard","meta":{"footnotes":""},"categories":[3],"tags":[],"class_list":["post-38069","post","type-post","status-publish","format-standard","has-post-thumbnail","hentry","category-internacionales"],"_links":{"self":[{"href":"https:\/\/acronoticias.com\/index.php\/wp-json\/wp\/v2\/posts\/38069","targetHints":{"allow":["GET"]}}],"collection":[{"href":"https:\/\/acronoticias.com\/index.php\/wp-json\/wp\/v2\/posts"}],"about":[{"href":"https:\/\/acronoticias.com\/index.php\/wp-json\/wp\/v2\/types\/post"}],"author":[{"embeddable":true,"href":"https:\/\/acronoticias.com\/index.php\/wp-json\/wp\/v2\/users\/1"}],"replies":[{"embeddable":true,"href":"https:\/\/acronoticias.com\/index.php\/wp-json\/wp\/v2\/comments?post=38069"}],"version-history":[{"count":0,"href":"https:\/\/acronoticias.com\/index.php\/wp-json\/wp\/v2\/posts\/38069\/revisions"}],"wp:featuredmedia":[{"embeddable":true,"href":"https:\/\/acronoticias.com\/index.php\/wp-json\/wp\/v2\/media\/38070"}],"wp:attachment":[{"href":"https:\/\/acronoticias.com\/index.php\/wp-json\/wp\/v2\/media?parent=38069"}],"wp:term":[{"taxonomy":"category","embeddable":true,"href":"https:\/\/acronoticias.com\/index.php\/wp-json\/wp\/v2\/categories?post=38069"},{"taxonomy":"post_tag","embeddable":true,"href":"https:\/\/acronoticias.com\/index.php\/wp-json\/wp\/v2\/tags?post=38069"}],"curies":[{"name":"wp","href":"https:\/\/api.w.org\/{rel}","templated":true}]}}