{"id":38048,"date":"2026-04-30T04:08:43","date_gmt":"2026-04-30T04:08:43","guid":{"rendered":"https:\/\/acronoticias.com\/index.php\/2026\/04\/30\/informe-sobre-la-reforma-laboral-sera-presentado-ante-el-pleno-este-jueves\/"},"modified":"2026-04-30T04:08:43","modified_gmt":"2026-04-30T04:08:43","slug":"informe-sobre-la-reforma-laboral-sera-presentado-ante-el-pleno-este-jueves","status":"publish","type":"post","link":"https:\/\/acronoticias.com\/index.php\/2026\/04\/30\/informe-sobre-la-reforma-laboral-sera-presentado-ante-el-pleno-este-jueves\/","title":{"rendered":"Informe sobre la reforma laboral ser\u00e1 presentado ante el pleno este jueves"},"content":{"rendered":"<p><img decoding=\"async\" width=\"355\" height=\"200\" src=\"https:\/\/nuevodiario-assets.s3.us-east-2.amazonaws.com\/wp-content\/uploads\/2026\/04\/Pleno-Camara-de-Diputados-355x200.jpeg\" class=\"webfeedsFeaturedVisual not-transparent wp-post-image\" alt=\"\" style=\"--dominant-color: #4e3537;margin-bottom: 5px;clear:both;max-width: 100%\" loading=\"lazy\" data-has-transparency=\"false\" data-dominant-color=\"4e3537\" \/><\/p>\n<p>EL NUEVO DIARIO, SANTO DOMINGO.- La comisi\u00f3n de diputados que estudia el proyecto de reforma laboral tiene previsto presentar este jueves su informe ante el pleno de la C\u00e1mara de Diputados, como parte de la fase final del proceso legislativo de la iniciativa.<\/p>\n<p>El proyecto, que busca actualizar el C\u00f3digo de Trabajo y adaptarlo a las nuevas din\u00e1micas laborales, ha permanecido en discusi\u00f3n desde su sometimiento en octubre de 2024, enfrentando retrasos por diferencias entre los sectores empresarial y sindical, especialmente en lo referente al tema de la cesant\u00eda.<\/p>\n<p>De acuerdo con informaciones ofrecidas por el presidente del equipo analizador M\u00e9lido Mercedes, la comisi\u00f3n ha avanzado en el an\u00e1lisis de los art\u00edculos pendientes, lo que permitir\u00eda rendir el informe para que la pieza sea conocida por el pleno, \u00f3rgano responsable de aprobar o rechazar la propuesta.<\/p>\n<p>Los comisionados tienen previsto celebrar su \u00faltima reuni\u00f3n este jueves a las 10:00 de la ma\u00f1ana donde estar\u00e1n ultimando \u00abdetalles\u00bb.<\/p>\n<p>La reforma laboral contempla cambios importantes como la regulaci\u00f3n del teletrabajo, el aumento de la licencia de paternidad, mejoras en las vacaciones y nuevas disposiciones sobre el trabajo dom\u00e9stico, entre otros aspectos.<\/p>\n<p>Una vez sea presentado el informe, los diputados deber\u00e1n debatir y votar el proyecto, que de ser aprobado pasar\u00eda nuevamente al Senado para completar el proceso legislativo correspondiente.<\/p>\n<p>El conocimiento de esta iniciativa es considerado clave dentro de la agenda congresual, debido a su impacto en las relaciones laborales y en el mercado de trabajo del pa\u00eds.<\/p>\n<p>La entrada <a href=\"https:\/\/elnuevodiario.com.do\/informe-sobre-la-reforma-laboral-sera-presentado-ante-el-pleno-este-jueves\/\">Informe sobre la reforma laboral ser\u00e1 presentado ante el pleno este jueves<\/a> se public\u00f3 primero en <a href=\"https:\/\/elnuevodiario.com.do\">El Nuevo Diario (Rep\u00fablica Dominicana)<\/a>.<\/p>\n","protected":false},"excerpt":{"rendered":"<p>EL NUEVO DIARIO, SANTO DOMINGO.- La comisi\u00f3n de diputados que estudia el proyecto de reforma laboral tiene previsto presentar este jueves su informe ante el pleno de la C\u00e1mara de Diputados, como parte de la fase final del proceso legislativo de la iniciativa. El proyecto, que busca actualizar el C\u00f3digo de Trabajo y adaptarlo a<\/p>\n","protected":false},"author":1,"featured_media":38049,"comment_status":"open","ping_status":"open","sticky":false,"template":"","format":"standard","meta":{"footnotes":""},"categories":[1],"tags":[],"class_list":["post-38048","post","type-post","status-publish","format-standard","has-post-thumbnail","hentry","category-nacionales"],"_links":{"self":[{"href":"https:\/\/acronoticias.com\/index.php\/wp-json\/wp\/v2\/posts\/38048","targetHints":{"allow":["GET"]}}],"collection":[{"href":"https:\/\/acronoticias.com\/index.php\/wp-json\/wp\/v2\/posts"}],"about":[{"href":"https:\/\/acronoticias.com\/index.php\/wp-json\/wp\/v2\/types\/post"}],"author":[{"embeddable":true,"href":"https:\/\/acronoticias.com\/index.php\/wp-json\/wp\/v2\/users\/1"}],"replies":[{"embeddable":true,"href":"https:\/\/acronoticias.com\/index.php\/wp-json\/wp\/v2\/comments?post=38048"}],"version-history":[{"count":0,"href":"https:\/\/acronoticias.com\/index.php\/wp-json\/wp\/v2\/posts\/38048\/revisions"}],"wp:featuredmedia":[{"embeddable":true,"href":"https:\/\/acronoticias.com\/index.php\/wp-json\/wp\/v2\/media\/38049"}],"wp:attachment":[{"href":"https:\/\/acronoticias.com\/index.php\/wp-json\/wp\/v2\/media?parent=38048"}],"wp:term":[{"taxonomy":"category","embeddable":true,"href":"https:\/\/acronoticias.com\/index.php\/wp-json\/wp\/v2\/categories?post=38048"},{"taxonomy":"post_tag","embeddable":true,"href":"https:\/\/acronoticias.com\/index.php\/wp-json\/wp\/v2\/tags?post=38048"}],"curies":[{"name":"wp","href":"https:\/\/api.w.org\/{rel}","templated":true}]}}